{"id":73092,"date":"2020-01-15T13:04:09","date_gmt":"2020-01-15T18:04:09","guid":{"rendered":"https:\/\/linitiative.ca\/International\/jijel-le-patrimoine-et-lheritage-culturels-algeriens-a-lhonneur\/"},"modified":"2020-01-15T13:04:09","modified_gmt":"2020-01-15T18:04:09","slug":"jijel-le-patrimoine-et-lheritage-culturels-algeriens-a-lhonneur","status":"publish","type":"post","link":"https:\/\/linitiative.ca\/International\/jijel-le-patrimoine-et-lheritage-culturels-algeriens-a-lhonneur\/","title":{"rendered":"Jijel: le patrimoine et l\u2019h\u00e9ritage culturels alg\u00e9riens \u00e0 l\u2019honneur"},"content":{"rendered":"<p><span class=\"sp-nh-title\">R\u00e9gionalisme et racisme: Djerad ordonne le d\u00e9but des travaux d&rsquo;\u00e9laboration du texte de loi<\/span> &#8211; <span class=\"sp-nh-date\">mercredi 15 janvier 2020 18:49<\/span><\/p>\n<p><span class=\"sp-nh-title\">Le Maroc continue de r\u00e9primer les manifestations pour l&rsquo;autod\u00e9termination du Sahara occidental<\/span> &#8211; <span class=\"sp-nh-date\">mercredi 15 janvier 2020 18:38<\/span><\/p>\n<p><span class=\"sp-nh-title\">ONU: l\u2019Accord d&rsquo;Alger, seule voie viable pour r\u00e9gler la crise malienne<\/span> &#8211; <span class=\"sp-nh-date\">mercredi 15 janvier 2020 18:34<\/span><\/p>\n<p><span class=\"sp-nh-title\">Colloque national sur l\u2019universalit\u00e9 de la langue arabe jeudi \u00e0 Oran<\/span> &#8211; <span class=\"sp-nh-date\">mercredi 15 janvier 2020 18:18<\/span><\/p>\n<p><span class=\"sp-nh-title\">Mostaganem : d\u00e9couverte d\u2019une s\u00e9pulture et d&rsquo;objets en poterie<\/span> &#8211; <span class=\"sp-nh-date\">mercredi 15 janvier 2020 18:12<\/span><\/p>\n<p><span class=\"sp-nh-title\">Interpellation de 64 personnes impliqu\u00e9es dans divers d\u00e9lits \u00e0 Alger et Skikda<\/span> &#8211; <span class=\"sp-nh-date\">mercredi 15 janvier 2020 18:07<\/span><\/p>\n<p><span class=\"sp-nh-title\">Agrumes : restructurer les vergers pour une production annuelle continue<\/span> &#8211; <span class=\"sp-nh-date\">mercredi 15 janvier 2020 17:44<\/span><\/p>\n<p><span class=\"sp-nh-title\">Douanes : les op\u00e9rateurs pourront conna\u00eetre le classement tarifaire et l&rsquo;origine de leurs marchandises<\/span> &#8211; <span class=\"sp-nh-date\">mercredi 15 janvier 2020 17:34<\/span><\/p>\n<p><span class=\"sp-nh-title\">Tunisie : appels \u00e0 l&rsquo;unit\u00e9 et \u00e0 privil\u00e9gier l&rsquo;int\u00e9r\u00eat national<\/span> &#8211; <span class=\"sp-nh-date\">mercredi 15 janvier 2020 17:32<\/span><\/p>\n<p><span class=\"sp-nh-title\">Nouveau sit-in d&rsquo;enseignants du primaire devant l&rsquo;annexe du minist\u00e8re de l&rsquo;Education nationale \u00e0 Alger<\/span> &#8211; <span class=\"sp-nh-date\">mercredi 15 janvier 2020 17:27<\/span><\/p>\n<p><span class=\"sp-nh-title\">Naissance \u00e0 Alger d&rsquo;un Comit\u00e9 de solidarit\u00e9 avec le peuple libyen<\/span> &#8211; <span class=\"sp-nh-date\">mercredi 15 janvier 2020 16:46<\/span><\/p>\n<p><span class=\"sp-nh-title\">Imp\u00e9ratif d&rsquo;op\u00e9rer une transition totale vers la communication num\u00e9rique avant la fin du premier semestre 2020<\/span> &#8211; <span class=\"sp-nh-date\">mercredi 15 janvier 2020 16:28<\/span><\/p>\n<p><span class=\"sp-nh-title\">Chanegriha : l&rsquo;ANP continuera \u00e0 travailler pour pr\u00e9server l&rsquo;unit\u00e9 du peuple<\/span> &#8211; <span class=\"sp-nh-date\">mercredi 15 janvier 2020 14:55<\/span><\/p>\n<p><span class=\"sp-nh-title\">Le Pr\u00e9sident de la R\u00e9publique re\u00e7oit le moudjahid Youcef Khatib<\/span> &#8211; <span class=\"sp-nh-date\">mercredi 15 janvier 2020 14:15<\/span><\/p>\n<p><span class=\"sp-nh-title\">La troupe de danse de Chengdu (Chine) subjugue le public de A\u00efn Defla<\/span> &#8211; <span class=\"sp-nh-date\">mercredi 15 janvier 2020 13:53<\/span><\/p>\n<p><span class=\"sp-nh-title\">Port de Mostaganem: plus de 168.000 t de marchandises export\u00e9es en 2019<\/span> &#8211; <span class=\"sp-nh-date\">mercredi 15 janvier 2020 13:19<\/span><\/p>\n<p><span class=\"sp-nh-title\">Liban : poursuite des manifestations sur fond de crise politique, \u00e9conomique et sociale<\/span> &#8211; <span class=\"sp-nh-date\">mercredi 15 janvier 2020 13:16<\/span><\/p>\n<p><span class=\"sp-nh-title\">Cyclisme\/Championnats d&rsquo;Afrique sur piste: 8 athl\u00e8tes alg\u00e9riens au Caire<\/span> &#8211; <span class=\"sp-nh-date\">mercredi 15 janvier 2020 13:04<\/span><\/p>\n<p><span class=\"sp-nh-title\">Parkinson: des groupes de parole pour am\u00e9liorer la prise en charge de la maladie<\/span> &#8211; <span class=\"sp-nh-date\">mercredi 15 janvier 2020 12:53<\/span><\/p>\n<p><span class=\"sp-nh-title\">Ligue 1 (mise \u00e0 jour) USMA-JSK: un clasico pour rejoindre le podium<\/span> &#8211; <span class=\"sp-nh-date\">mercredi 15 janvier 2020 12:44<\/span><\/p>\n<p>Auteur:<br \/>\n<a href=\"http:\/\/www.aps.dz\/culture\/100156-jijel-le-patrimoine-et-l-heritage-culturels-algeriens-a-l-honneur\">Cliquez ici pour lire l&rsquo;article depuis sa source.<\/a><\/p>\n","protected":false},"excerpt":{"rendered":"<p>R\u00e9gionalisme et racisme: Djerad ordonne le d\u00e9but des travaux d&rsquo;\u00e9laboration du texte de loi &#8211; mercredi 15 janvier 2020 18:49 Le Maroc continue de r\u00e9primer les manifestations pour l&rsquo;autod\u00e9termination du Sahara occidental &#8211; mercredi 15 janvier 2020 18:38 ONU: l\u2019Accord d&rsquo;Alger, seule voie viable pour r\u00e9gler la crise malienne &#8211; mercredi 15 janvier 2020 18:34 [&hellip;]<\/p>\n","protected":false},"author":1790,"featured_media":0,"comment_status":"closed","ping_status":"closed","sticky":false,"template":"","format":"standard","meta":{"fifu_image_url":"","fifu_image_alt":"","footnotes":""},"categories":[53,79],"tags":[],"class_list":["post-73092","post","type-post","status-publish","format-standard","hentry","category-algerie","category-culture"],"_links":{"self":[{"href":"https:\/\/linitiative.ca\/International\/wp-json\/wp\/v2\/posts\/73092","targetHints":{"allow":["GET"]}}],"collection":[{"href":"https:\/\/linitiative.ca\/International\/wp-json\/wp\/v2\/posts"}],"about":[{"href":"https:\/\/linitiative.ca\/International\/wp-json\/wp\/v2\/types\/post"}],"author":[{"embeddable":true,"href":"https:\/\/linitiative.ca\/International\/wp-json\/wp\/v2\/users\/1790"}],"replies":[{"embeddable":true,"href":"https:\/\/linitiative.ca\/International\/wp-json\/wp\/v2\/comments?post=73092"}],"version-history":[{"count":0,"href":"https:\/\/linitiative.ca\/International\/wp-json\/wp\/v2\/posts\/73092\/revisions"}],"wp:attachment":[{"href":"https:\/\/linitiative.ca\/International\/wp-json\/wp\/v2\/media?parent=73092"}],"wp:term":[{"taxonomy":"category","embeddable":true,"href":"https:\/\/linitiative.ca\/International\/wp-json\/wp\/v2\/categories?post=73092"},{"taxonomy":"post_tag","embeddable":true,"href":"https:\/\/linitiative.ca\/International\/wp-json\/wp\/v2\/tags?post=73092"}],"curies":[{"name":"wp","href":"https:\/\/api.w.org\/{rel}","templated":true}]}}