{"id":73096,"date":"2020-01-15T05:00:00","date_gmt":"2020-01-15T10:00:00","guid":{"rendered":"https:\/\/linitiative.ca\/International\/un-homme-decede-a-oued-fodda\/"},"modified":"2020-01-15T05:00:00","modified_gmt":"2020-01-15T10:00:00","slug":"un-homme-decede-a-oued-fodda","status":"publish","type":"post","link":"https:\/\/linitiative.ca\/International\/un-homme-decede-a-oued-fodda\/","title":{"rendered":"Un homme d\u00e9c\u00e8de \u00e0 Oued Fodda"},"content":{"rendered":"<div id=\"originalText\" readability=\"40\">\n<p class=\"c6\">Un homme est d\u00e9c\u00e9d\u00e9, hier \u00e0 Chlef,\u00a0 apr\u00e8s avoir\u00a0 \u00e9t\u00e9 asphyxi\u00e9 au monoxyde de carbone et son \u00e9pouse se trouve sous contr\u00f4le m\u00e9dical, a-t-on appris de source hospitali\u00e8re. Selon\u00a0 des proches parents\u00a0 des victimes,\u00a0 l\u2019accident\u00a0 est\u00a0 survenu dans la matin\u00e9e \u00e0 la cit\u00e9\u00a0 Ouled-Ali d\u2019Oued Fodda et c\u2019est leur fils\u00a0 qui\u00a0 est intervenu pour le transport de ses parents au service des urgences m\u00e9dicales de l\u2019h\u00f4pital suscit\u00e9, est-il signal\u00e9.<\/p>\n<p class=\"c7\"><strong>APS<\/strong><\/p>\n<\/div>\n<div id=\"text_core\" readability=\"40\">\n<p class=\"c6\">Un homme est d\u00e9c\u00e9d\u00e9, hier \u00e0 Chlef,\u00a0 apr\u00e8s avoir\u00a0 \u00e9t\u00e9 asphyxi\u00e9 au monoxyde de carbone et son \u00e9pouse se trouve sous contr\u00f4le m\u00e9dical, a-t-on appris de source hospitali\u00e8re. Selon\u00a0 des proches parents\u00a0 des victimes,\u00a0 l\u2019accident\u00a0 est\u00a0 survenu dans la matin\u00e9e \u00e0 la cit\u00e9\u00a0 Ouled-Ali d\u2019Oued Fodda et c\u2019est leur fils\u00a0 qui\u00a0 est intervenu pour le transport de ses parents au service des urgences m\u00e9dicales de l\u2019h\u00f4pital suscit\u00e9, est-il signal\u00e9.<\/p>\n<p class=\"c7\"><strong>APS<\/strong><\/p>\n<\/div>\n<p>Auteur:<br \/>\n<a href=\"https:\/\/www.liberte-algerie.com\/actualite\/un-homme-decede-a-oued-fodda-331933\">Cliquez ici pour lire l&rsquo;article depuis sa source.<\/a><\/p>\n","protected":false},"excerpt":{"rendered":"<p>Un homme est d\u00e9c\u00e9d\u00e9, hier \u00e0 Chlef,\u00a0 apr\u00e8s avoir\u00a0 \u00e9t\u00e9 asphyxi\u00e9 au monoxyde de carbone et son \u00e9pouse se trouve sous contr\u00f4le m\u00e9dical, a-t-on appris de source hospitali\u00e8re. Selon\u00a0 des proches parents\u00a0 des victimes,\u00a0 l\u2019accident\u00a0 est\u00a0 survenu dans la matin\u00e9e \u00e0 la cit\u00e9\u00a0 Ouled-Ali d\u2019Oued Fodda et c\u2019est leur fils\u00a0 qui\u00a0 est intervenu pour le [&hellip;]<\/p>\n","protected":false},"author":1742,"featured_media":0,"comment_status":"closed","ping_status":"closed","sticky":false,"template":"","format":"standard","meta":{"fifu_image_url":"","fifu_image_alt":"","footnotes":""},"categories":[73,53],"tags":[],"class_list":["post-73096","post","type-post","status-publish","format-standard","hentry","category-actualite","category-algerie"],"_links":{"self":[{"href":"https:\/\/linitiative.ca\/International\/wp-json\/wp\/v2\/posts\/73096","targetHints":{"allow":["GET"]}}],"collection":[{"href":"https:\/\/linitiative.ca\/International\/wp-json\/wp\/v2\/posts"}],"about":[{"href":"https:\/\/linitiative.ca\/International\/wp-json\/wp\/v2\/types\/post"}],"author":[{"embeddable":true,"href":"https:\/\/linitiative.ca\/International\/wp-json\/wp\/v2\/users\/1742"}],"replies":[{"embeddable":true,"href":"https:\/\/linitiative.ca\/International\/wp-json\/wp\/v2\/comments?post=73096"}],"version-history":[{"count":0,"href":"https:\/\/linitiative.ca\/International\/wp-json\/wp\/v2\/posts\/73096\/revisions"}],"wp:attachment":[{"href":"https:\/\/linitiative.ca\/International\/wp-json\/wp\/v2\/media?parent=73096"}],"wp:term":[{"taxonomy":"category","embeddable":true,"href":"https:\/\/linitiative.ca\/International\/wp-json\/wp\/v2\/categories?post=73096"},{"taxonomy":"post_tag","embeddable":true,"href":"https:\/\/linitiative.ca\/International\/wp-json\/wp\/v2\/tags?post=73096"}],"curies":[{"name":"wp","href":"https:\/\/api.w.org\/{rel}","templated":true}]}}