{"id":73097,"date":"2020-01-15T05:00:00","date_gmt":"2020-01-15T10:00:00","guid":{"rendered":"https:\/\/linitiative.ca\/International\/mohamed-louber-installe-dans-ses-fonctions-de-president\/"},"modified":"2020-01-15T05:00:00","modified_gmt":"2020-01-15T10:00:00","slug":"mohamed-louber-installe-dans-ses-fonctions-de-president","status":"publish","type":"post","link":"https:\/\/linitiative.ca\/International\/mohamed-louber-installe-dans-ses-fonctions-de-president\/","title":{"rendered":"Mohamed Louber install\u00e9 dans ses fonctions de pr\u00e9sident"},"content":{"rendered":"<div id=\"originalText\" readability=\"40\">\n<p class=\"c6\">Le directeur de cabinet de la pr\u00e9sidence de la R\u00e9publique, Noureddine Ayadi, a pr\u00e9sid\u00e9, hier \u00e0 Alger, la c\u00e9r\u00e9monie d&rsquo;installation officielle de M. Mohamed Louber dans ses fonctions de pr\u00e9sident de l&rsquo;Autorit\u00e9 de r\u00e9gulation de l&rsquo;audiovisuel (Arav), indique un communiqu\u00e9 de la pr\u00e9sidence de la R\u00e9publique.<\/p>\n<\/div>\n<div id=\"text_core\" readability=\"40\">\n<p class=\"c6\">Le directeur de cabinet de la pr\u00e9sidence de la R\u00e9publique, Noureddine Ayadi, a pr\u00e9sid\u00e9, hier \u00e0 Alger, la c\u00e9r\u00e9monie d&rsquo;installation officielle de M. Mohamed Louber dans ses fonctions de pr\u00e9sident de l&rsquo;Autorit\u00e9 de r\u00e9gulation de l&rsquo;audiovisuel (Arav), indique un communiqu\u00e9 de la pr\u00e9sidence de la R\u00e9publique.<\/p>\n<\/div>\n<p>Auteur:<br \/>\n<a href=\"https:\/\/www.liberte-algerie.com\/actualite\/mohamed-louber-installe-dans-ses-fonctions-de-president-331932\">Cliquez ici pour lire l&rsquo;article depuis sa source.<\/a><\/p>\n","protected":false},"excerpt":{"rendered":"<p>Le directeur de cabinet de la pr\u00e9sidence de la R\u00e9publique, Noureddine Ayadi, a pr\u00e9sid\u00e9, hier \u00e0 Alger, la c\u00e9r\u00e9monie d&rsquo;installation officielle de M. Mohamed Louber dans ses fonctions de pr\u00e9sident de l&rsquo;Autorit\u00e9 de r\u00e9gulation de l&rsquo;audiovisuel (Arav), indique un communiqu\u00e9 de la pr\u00e9sidence de la R\u00e9publique. Le directeur de cabinet de la pr\u00e9sidence de la [&hellip;]<\/p>\n","protected":false},"author":1742,"featured_media":0,"comment_status":"closed","ping_status":"closed","sticky":false,"template":"","format":"standard","meta":{"fifu_image_url":"","fifu_image_alt":"","footnotes":""},"categories":[73,53],"tags":[],"class_list":["post-73097","post","type-post","status-publish","format-standard","hentry","category-actualite","category-algerie"],"_links":{"self":[{"href":"https:\/\/linitiative.ca\/International\/wp-json\/wp\/v2\/posts\/73097","targetHints":{"allow":["GET"]}}],"collection":[{"href":"https:\/\/linitiative.ca\/International\/wp-json\/wp\/v2\/posts"}],"about":[{"href":"https:\/\/linitiative.ca\/International\/wp-json\/wp\/v2\/types\/post"}],"author":[{"embeddable":true,"href":"https:\/\/linitiative.ca\/International\/wp-json\/wp\/v2\/users\/1742"}],"replies":[{"embeddable":true,"href":"https:\/\/linitiative.ca\/International\/wp-json\/wp\/v2\/comments?post=73097"}],"version-history":[{"count":0,"href":"https:\/\/linitiative.ca\/International\/wp-json\/wp\/v2\/posts\/73097\/revisions"}],"wp:attachment":[{"href":"https:\/\/linitiative.ca\/International\/wp-json\/wp\/v2\/media?parent=73097"}],"wp:term":[{"taxonomy":"category","embeddable":true,"href":"https:\/\/linitiative.ca\/International\/wp-json\/wp\/v2\/categories?post=73097"},{"taxonomy":"post_tag","embeddable":true,"href":"https:\/\/linitiative.ca\/International\/wp-json\/wp\/v2\/tags?post=73097"}],"curies":[{"name":"wp","href":"https:\/\/api.w.org\/{rel}","templated":true}]}}