{"id":73101,"date":"2020-01-15T08:35:39","date_gmt":"2020-01-15T13:35:39","guid":{"rendered":"https:\/\/linitiative.ca\/International\/le-tapis-traditionnel-un-temoignage-de-la-creativite-de-lartisan\/"},"modified":"2020-01-15T08:35:39","modified_gmt":"2020-01-15T13:35:39","slug":"le-tapis-traditionnel-un-temoignage-de-la-creativite-de-lartisan","status":"publish","type":"post","link":"https:\/\/linitiative.ca\/International\/le-tapis-traditionnel-un-temoignage-de-la-creativite-de-lartisan\/","title":{"rendered":"Le tapis traditionnel, un t\u00e9moignage de la cr\u00e9ativit\u00e9 de l\u2019artisan"},"content":{"rendered":"<p>Avec ses couleurs vivaces et vari\u00e9es et ses g\u00e9om\u00e9tries typiques et harmonieuses, cette pi\u00e8ce authentique fascine et s\u00e9duit, hier comme aujourd\u2019hui, marocains et \u00e9trangers.<\/p>\n<p>Cette expression artistique li\u00e9e \u00e0 l\u2019histoire et aux traditions qui fait la fiert\u00e9 de l\u2019artisanat marocain, diff\u00e8re d\u2019une r\u00e9gion \u00e0 une autre, selon ses sp\u00e9cificit\u00e9s et ses propres caract\u00e9ristiques.<\/p>\n<p>Une simple tourn\u00e9e \u00e0 travers les diff\u00e9rents stands d\u00e9di\u00e9s au tapis traditionnel marocain, et am\u00e9nag\u00e9s \u00e0 l\u2019occasion de la 6\u00e8me \u00e9dition de la Semaine Nationale de l\u2019Artisanat (SNA) organis\u00e9e du 12 au 26 janvier \u00e0 Marrakech, sous le Haut Patronage de SM le Roi Mohammed VI, permet aux visiteurs avertis comme aux curieux de d\u00e9couvrir la diversit\u00e9 de ce patrimoine artisanal. On y trouve le \u00ab\u00a0Tapis Fassi\u00a0\u00bb, \u00ab\u00a0Tapis Zayane\u00a0\u00bb, \u00ab\u00a0Tapis Beni Mtir\u00a0\u00bb, \u00ab\u00a0Tapis Zemmour\u00a0\u00bb, \u00ab\u00a0Etoffe Ouazzane\u00a0\u00bb, ou encore \u00ab\u00a0Handira du Moyen Atlas\u00a0\u00bb.<\/p>\n<p>Ainsi, pour Karima Dabchi, pr\u00e9sidente de l\u2019asso- ciation Al Assala de l\u2019artisanat \u00e0 Figuig et exposante au Salon, chaque r\u00e9gion du Royaume se distingue par son produit local, notant que le tapis de la r\u00e9gion de Figuig est \u00ab\u00a0particulier\u00a0\u00bb, compte tenu du type de laine utilis\u00e9e qui est \u00e0 100% naturelle, de la mani\u00e8re de filage, ainsi que des dessins.<\/p>\n<p>Le Tapis Figuigui, tr\u00e8s connu pour sa qualit\u00e9, refl\u00e8te la culture et les traditions de la r\u00e9gion de l\u2019Est et conna\u00eet un vrai essor, a-t-elle soulign\u00e9 dans une d\u00e9claration \u00e0 la MAP, notant que l\u2019organisation de ce genre de manifestations permettra de favoriser la commercialisation de ce produit et de rapprocher le Tapis de Figuig du citoyen marocain.<\/p>\n<p>L\u2019artisanat du tapis a chang\u00e9 la vie de plusieurs femmes et familles dans la r\u00e9gion, il est devenu une v\u00e9ritable source de revenu, a-t-elle indiqu\u00e9, ajoutant que son association oeuvre pour l\u2019autonomisation \u00e9conomique des femmes et le renforcement de leurs capacit\u00e9s, en organisant des sessions de formation et des visites.<\/p>\n<p>\u00ab\u00a0Nous avons organis\u00e9 une visite d\u2019\u00e9change en Italie pour partager le savoir-faire marocain et les techniques artisanales et tirer profit de l\u2019exp\u00e9rience italienne, notamment en mati\u00e8re de coloration de la laine\u00a0\u00bb, a-t-elle dit.<\/p>\n<p>De son c\u00f4t\u00e9, la pr\u00e9sidente de la coop\u00e9rative Nassih de Fkih Ben Saleh, Mme Nassih Samira a mis en avant l\u2019importance de sauvegarder cette activit\u00e9 artisanale et de veiller \u00e0 sa transmission interg\u00e9n\u00e9rationnelle.<\/p>\n<p>Dans ce sens, elle a fait savoir que sa coop\u00e9rative oeuvre \u00e0 pr\u00e9server le \u00ab\u00a0Hayk La\u00e2miri\u00a0\u00bb, qui se trouve menac\u00e9 de disparition. \u00ab\u00a0A travers ces tapis nous voulons revivre cet art ancestral qui caract\u00e9rise la r\u00e9gion du Fkih Ben Saleh\u00a0\u00bb, a-t-elle poursuivi.<\/p>\n<p>\u00ab\u00a0Nous menons plusieurs recherches sur ce genre de tapis qui a cess\u00e9 d\u2019exister depuis les ann\u00e9es 50. Notre objectif est de conserver ce patrimoine, tout en innovant et apportant une nouvelle touche\u00a0\u00bb, a-t-elle dit.<\/p>\n<p>Dans le \u00ab\u00a0Hayk La\u00e2miri\u00a0\u00bb chaque couleur, dessin ou g\u00e9om\u00e9trie a une signification et une histoire. A l\u2019\u00e9poque, les femmes de la r\u00e9gion l\u2019utilisait pour exprimer leurs sentiments, par exemple la couleur noir \u00e9tait synonyme de douleur et de tristesse \u2026, a-t-elle relev\u00e9.<\/p>\n<p>Quant \u00e0 Mme Zahra Dehaoui, pr\u00e9sidente de la coop\u00e9rative Ibda\u00e2 pour l\u2019artisanat \u00e0 El Hajeb, elle a exprim\u00e9 sa grande fiert\u00e9 de prendre part \u00e0 ce Salon important, mettant en avant la diversit\u00e9 des produits de sa r\u00e9gion, notamment le Tapis Beni Mtir, le Hanbel et la Handira.<\/p>\n<p>\u00ab\u00a0Le Tapis Beni Mtir est tr\u00e8s connu par sa couleur rouge. Au niveau de notre coop\u00e9rative, nous avons pr\u00e9server le dessin qui distingue ce tapis, tout en innovant au niveau des couleurs et de la mati\u00e8re utilis\u00e9e\u00a0\u00bb, a-t-elle expliqu\u00e9.<\/p>\n<p>\u00ab\u00a0L\u2019une des sp\u00e9cificit\u00e9s de notre coop\u00e9rative est la production des \u00ab\u00a0Tapis aux plantes\u00a0\u00bb. Outre la laine naturelle, nous utilisons pour la coloration des tapis certaines plantes, telles Za\u00e2rour, Foua, l\u2019eucalyptus, les feuilles d\u2019olivier, la garance des teinturiers et le coquelicot\u2026\u00a0\u00bb, a-t-elle soulign\u00e9.<\/p>\n<p>La coloration \u00e0 base de ces produits naturels est tr\u00e8s appr\u00e9ci\u00e9e pour ses bienfaits sur la sant\u00e9, car en plus de son odeur aromatique, ce tapis est un ami de la sant\u00e9, sans produits chimiques et lutte contre l\u2019allergie, a-t-elle dit.<\/p>\n<p>Pour sa part, la pr\u00e9sidente de la coop\u00e9rative Ibda\u00e2 pour la production des tapis \u00e0 La\u00e2youne, a affirm\u00e9 qu&rsquo;\u00a0\u00bbon ne peut pas parler de la tente Sahraoui (Al Khayma) sans \u00e9voquer le tapis, ils sont intimement li\u00e9s. Ce produit fortement pr\u00e9sent au Sud a connu une grande \u00e9volution tout en pr\u00e9servant son cachet original\u00a0\u00bb.<\/p>\n<p>Ce tapis \u00e0 base de colorants naturels, se caract\u00e9rise par l\u2019utilisation de deux types de laine \u00e0 savoir : la laine de mouton et la laine ou le poil de chameau qui a des bienfaits innombrables pour la sant\u00e9, a-t-elle indiqu\u00e9.<\/p>\n<p>\u00ab\u00a0Nous recyclons \u00e9galement des sacs plastiques pour la fabrication des tableaux. Notre objectif est de mettre en lumi\u00e8re cet h\u00e9ritage ancestral tout en respectant l\u2019environnement\u00a0\u00bb, a-t-elle ajout\u00e9.<\/p>\n<p>Organis\u00e9e \u00e0 l\u2019initiative du minist\u00e8re du Tourisme, de l\u2019Artisanat, du Transport a\u00e9rien et de l\u2019\u00c9conomie sociale, \u00e0 travers la Maison de l\u2019Artisan, cette \u00e9dition vise \u00e0 construire une image de marque de l\u2019artisanat marocain, faire de cet \u00e9v\u00e9nement un espace de rencontres incontournable pour les artisans qui souhaitent mettre en valeur leurs cr\u00e9ations, s\u2019informer des nouvelles tendances et favoriser la commercialisation du produit artisanal marocain ici et ailleurs.<\/p>\n<p>Auteur: Meriem IGASS<br \/>\n<a href=\"http:\/\/www.mapmarrakech.ma\/fr\/le-tapis\/\">Cliquez ici pour lire l&rsquo;article depuis sa source.<\/a><\/p>\n","protected":false},"excerpt":{"rendered":"<p>Avec ses couleurs vivaces et vari\u00e9es et ses g\u00e9om\u00e9tries typiques et harmonieuses, cette pi\u00e8ce authentique fascine et s\u00e9duit, hier comme aujourd\u2019hui, marocains et \u00e9trangers. Cette expression artistique li\u00e9e \u00e0 l\u2019histoire et aux traditions qui fait la fiert\u00e9 de l\u2019artisanat marocain, diff\u00e8re d\u2019une r\u00e9gion \u00e0 une autre, selon ses sp\u00e9cificit\u00e9s et ses propres caract\u00e9ristiques. Une simple [&hellip;]<\/p>\n","protected":false},"author":1788,"featured_media":0,"comment_status":"closed","ping_status":"closed","sticky":false,"template":"","format":"standard","meta":{"fifu_image_url":"","fifu_image_alt":"","footnotes":""},"categories":[54,76],"tags":[],"class_list":["post-73101","post","type-post","status-publish","format-standard","hentry","category-maroc","category-regions"],"_links":{"self":[{"href":"https:\/\/linitiative.ca\/International\/wp-json\/wp\/v2\/posts\/73101","targetHints":{"allow":["GET"]}}],"collection":[{"href":"https:\/\/linitiative.ca\/International\/wp-json\/wp\/v2\/posts"}],"about":[{"href":"https:\/\/linitiative.ca\/International\/wp-json\/wp\/v2\/types\/post"}],"author":[{"embeddable":true,"href":"https:\/\/linitiative.ca\/International\/wp-json\/wp\/v2\/users\/1788"}],"replies":[{"embeddable":true,"href":"https:\/\/linitiative.ca\/International\/wp-json\/wp\/v2\/comments?post=73101"}],"version-history":[{"count":0,"href":"https:\/\/linitiative.ca\/International\/wp-json\/wp\/v2\/posts\/73101\/revisions"}],"wp:attachment":[{"href":"https:\/\/linitiative.ca\/International\/wp-json\/wp\/v2\/media?parent=73101"}],"wp:term":[{"taxonomy":"category","embeddable":true,"href":"https:\/\/linitiative.ca\/International\/wp-json\/wp\/v2\/categories?post=73101"},{"taxonomy":"post_tag","embeddable":true,"href":"https:\/\/linitiative.ca\/International\/wp-json\/wp\/v2\/tags?post=73101"}],"curies":[{"name":"wp","href":"https:\/\/api.w.org\/{rel}","templated":true}]}}