{"id":73102,"date":"2020-01-15T09:38:52","date_gmt":"2020-01-15T14:38:52","guid":{"rendered":"https:\/\/linitiative.ca\/International\/lart-de-travailler-les-metaux-un-des-fleurons-de-lartisanat\/"},"modified":"2020-01-15T09:38:52","modified_gmt":"2020-01-15T14:38:52","slug":"lart-de-travailler-les-metaux-un-des-fleurons-de-lartisanat","status":"publish","type":"post","link":"https:\/\/linitiative.ca\/International\/lart-de-travailler-les-metaux-un-des-fleurons-de-lartisanat\/","title":{"rendered":"L\u2019art de travailler les m\u00e9taux, un des fleurons de l\u2019artisanat"},"content":{"rendered":"<div readability=\"36\">\n<p>Marrakech \u2013 L\u2019art de travailler les m\u00e9taux est l\u2019un des fleurons de l\u2019artisanat marocain, une fili\u00e8re qui refl\u00e8te l\u2019excellence du geste, l\u2019\u00e9clectisme des techniques et la diversit\u00e9 des influences qui empreignent des objets du quotidien leur donnant une aura singuli\u00e8re.<\/p>\n<\/div>\n<div readability=\"99\">\n<p>Une tourn\u00e9e \u00e0 travers les diff\u00e9rents stands d\u00e9di\u00e9s \u00e0 la fili\u00e8re et am\u00e9nag\u00e9s \u00e0 l\u2019occasion de la 6\u00e8me \u00e9dition de la Semaine nationale de l\u2019artisanat (SNA) qui se poursuit au 26 janvier dans la ville ocre, sous le Haut Patronage de SM le Roi Mohammed VI, est une occasion de d\u00e9couvrir le niveau d\u2019habilet\u00e9 et de cr\u00e9ativit\u00e9 atteint par les artisans sp\u00e9cialis\u00e9s dans le travail du m\u00e9tal. Plateaux, th\u00e9i\u00e8res, cendriers, tajines ou encore lanternes, ces objets t\u00e9moignent de la plus belle des mani\u00e8res du talent des ces artistes pass\u00e9s ma\u00eetres en martelage de laiton et de maillechort.<\/p>\n<p>Outre la bijouterie, l\u2019art de travailler le m\u00e9tal englobe notamment la ferronnerie, le damasquinage, la dinanderie et le travail du maillechort, des m\u00e9tiers qui utilisent des mat\u00e9riaux comme l\u2019argent, le cuivre et leurs d\u00e9riv\u00e9s.<\/p>\n<p>Approch\u00e9 par la MAP, Ahmed El Kaddari, un dinandier de F\u00e8s qui participe \u00e0 cette Semaine nationale de l\u2019artisanat pour faire conna\u00eetre son produit, a d\u00e9plor\u00e9 le fait que nombre de ses confr\u00e8res disposent d\u2019une expertise hors-pair mais ne transmettent pas leur savoir-faire \u00e0 la nouvelle g\u00e9n\u00e9ration \u00e0 cause des \u00ab\u00a0diff\u00e9rents maux qui existent dans ce m\u00e9tier\u00a0\u00bb.<\/p>\n<p>Parmi les difficult\u00e9s \u00e9voqu\u00e9es par cet artisan, figurent notamment, le probl\u00e8me de la commercialisation, les faibles gains des ventes, ainsi que le ph\u00e9nom\u00e8ne r\u00e9current de la contrefa\u00e7on.<\/p>\n<p>\u00ab\u00a0Le probl\u00e8me des produits de contrefa\u00e7on met en p\u00e9ril d\u2019une mani\u00e8re s\u00e9rieuse et mena\u00e7ante la qualit\u00e9 globale. Les artisans affrontent une concurrence injuste et malsaine, impactant n\u00e9gativement l\u2019avenir de ce m\u00e9tier\u00a0\u00bb, a-t-il fait savoir.<\/p>\n<p>De son c\u00f4t\u00e9, Hassan Haddad, ferronnier et propri\u00e9taire de l\u2019atelier \u00a0\u00bbArt du D\u00e9sert\u00a0\u00bb, a indiqu\u00e9 \u00e0 la MAP que pour p\u00e9renniser le m\u00e9tier, plusieurs jeunes artisans se sont form\u00e9s dans son atelier tout en b\u00e9n\u00e9ficiant de formations qualifiantes et dipl\u00f4mantes.<\/p>\n<p>Ce Gadiri, qui suit les traces de ses parents artisans, n\u2019a pas cach\u00e9 sa fiert\u00e9 de son art, louant les caract\u00e9ristiques \u00ab\u00a0particuli\u00e8res\u00a0\u00bb du mobilier, des accessoires de d\u00e9coration et des sculptures en m\u00e9tal qui s\u00e9duisent les f\u00e9rus de patrimoine culturel marocain.<\/p>\n<p>Organis\u00e9e \u00e0 l\u2019initiative du minist\u00e8re du Tourisme, de l\u2019Artisanat, du Transport a\u00e9rien et de l\u2019\u00c9conomie sociale, \u00e0 travers la Maison de l\u2019artisan, cette \u00e9dition de la SNA vise \u00e0 construire une image de marque de l\u2019artisanat marocain, faire de cet \u00e9v\u00e9nement un espace de rencontres incontournable pour les artisans qui souhaitent mettre en valeur leurs cr\u00e9ations, s\u2019informer sur l\u2019\u00e9volution des tendances et trouver de nouveaux d\u00e9bouch\u00e9s, ainsi qu\u2019aider \u00e0 la commercialisation du produit tout en pr\u00e9servant et am\u00e9liorant les revenus des artisans.<\/p>\n<\/div>\n<p>Auteur: Meriem IGASS<br \/>\n<a href=\"http:\/\/www.mapmarrakech.ma\/fr\/metaux\/\">Cliquez ici pour lire l&rsquo;article depuis sa source.<\/a><\/p>\n","protected":false},"excerpt":{"rendered":"<p>Marrakech \u2013 L\u2019art de travailler les m\u00e9taux est l\u2019un des fleurons de l\u2019artisanat marocain, une fili\u00e8re qui refl\u00e8te l\u2019excellence du geste, l\u2019\u00e9clectisme des techniques et la diversit\u00e9 des influences qui empreignent des objets du quotidien leur donnant une aura singuli\u00e8re. Une tourn\u00e9e \u00e0 travers les diff\u00e9rents stands d\u00e9di\u00e9s \u00e0 la fili\u00e8re et am\u00e9nag\u00e9s \u00e0 l\u2019occasion [&hellip;]<\/p>\n","protected":false},"author":1788,"featured_media":0,"comment_status":"closed","ping_status":"closed","sticky":false,"template":"","format":"standard","meta":{"fifu_image_url":"","fifu_image_alt":"","footnotes":""},"categories":[54,76],"tags":[],"class_list":["post-73102","post","type-post","status-publish","format-standard","hentry","category-maroc","category-regions"],"_links":{"self":[{"href":"https:\/\/linitiative.ca\/International\/wp-json\/wp\/v2\/posts\/73102","targetHints":{"allow":["GET"]}}],"collection":[{"href":"https:\/\/linitiative.ca\/International\/wp-json\/wp\/v2\/posts"}],"about":[{"href":"https:\/\/linitiative.ca\/International\/wp-json\/wp\/v2\/types\/post"}],"author":[{"embeddable":true,"href":"https:\/\/linitiative.ca\/International\/wp-json\/wp\/v2\/users\/1788"}],"replies":[{"embeddable":true,"href":"https:\/\/linitiative.ca\/International\/wp-json\/wp\/v2\/comments?post=73102"}],"version-history":[{"count":0,"href":"https:\/\/linitiative.ca\/International\/wp-json\/wp\/v2\/posts\/73102\/revisions"}],"wp:attachment":[{"href":"https:\/\/linitiative.ca\/International\/wp-json\/wp\/v2\/media?parent=73102"}],"wp:term":[{"taxonomy":"category","embeddable":true,"href":"https:\/\/linitiative.ca\/International\/wp-json\/wp\/v2\/categories?post=73102"},{"taxonomy":"post_tag","embeddable":true,"href":"https:\/\/linitiative.ca\/International\/wp-json\/wp\/v2\/tags?post=73102"}],"curies":[{"name":"wp","href":"https:\/\/api.w.org\/{rel}","templated":true}]}}