{"id":73103,"date":"2020-01-15T09:48:47","date_gmt":"2020-01-15T14:48:47","guid":{"rendered":"https:\/\/linitiative.ca\/International\/le-tapis-traditionnel-un-temoignage-de-la-creativite-de-lartisan-2\/"},"modified":"2020-01-15T09:48:47","modified_gmt":"2020-01-15T14:48:47","slug":"le-tapis-traditionnel-un-temoignage-de-la-creativite-de-lartisan-2","status":"publish","type":"post","link":"https:\/\/linitiative.ca\/International\/le-tapis-traditionnel-un-temoignage-de-la-creativite-de-lartisan-2\/","title":{"rendered":"Le tapis traditionnel, un t\u00e9moignage de la cr\u00e9ativit\u00e9 de l\u2019artisan"},"content":{"rendered":"<p><iframe loading=\"lazy\" width=\"1170\" height=\"658\" src=\"https:\/\/www.youtube.com\/embed\/YaDNjNiZ6Ww?feature=oembed\" frameborder=\"0\" allow=\"accelerometer; autoplay; encrypted-media; gyroscope; picture-in-picture\" allowfullscreen=\"\">[embedded content]<\/iframe><\/p>\n<div class=\"single-post-excerpt post-excerpt-bc\" readability=\"36\">\n<p>Le tapis traditionnel marocain, cet h\u00e9ritage ancestral consid\u00e9r\u00e9 comme un objet d\u2019art \u00e0 part enti\u00e8re, se veut un v\u00e9ritable t\u00e9moignage de la richesse culturelle et civilisationnelle du Royaume et de la cr\u00e9ativit\u00e9 artistique de l\u2019artisan marocain.<\/p>\n<\/div>\n<p>Auteur: Meriem IGASS<br \/>\n<a href=\"http:\/\/www.mapmarrakech.ma\/fr\/le-tapis-traditionnel-un-temoignage-de-la-creativite-de-lartisan\/\">Cliquez ici pour lire l&rsquo;article depuis sa source.<\/a><\/p>\n","protected":false},"excerpt":{"rendered":"<p>[embedded content] Le tapis traditionnel marocain, cet h\u00e9ritage ancestral consid\u00e9r\u00e9 comme un objet d\u2019art \u00e0 part enti\u00e8re, se veut un v\u00e9ritable t\u00e9moignage de la richesse culturelle et civilisationnelle du Royaume et de la cr\u00e9ativit\u00e9 artistique de l\u2019artisan marocain. Auteur: Meriem IGASS Cliquez ici pour lire l&rsquo;article depuis sa source.<\/p>\n","protected":false},"author":1788,"featured_media":0,"comment_status":"closed","ping_status":"closed","sticky":false,"template":"","format":"standard","meta":{"fifu_image_url":"","fifu_image_alt":"","footnotes":""},"categories":[54,76],"tags":[],"class_list":["post-73103","post","type-post","status-publish","format-standard","hentry","category-maroc","category-regions"],"_links":{"self":[{"href":"https:\/\/linitiative.ca\/International\/wp-json\/wp\/v2\/posts\/73103","targetHints":{"allow":["GET"]}}],"collection":[{"href":"https:\/\/linitiative.ca\/International\/wp-json\/wp\/v2\/posts"}],"about":[{"href":"https:\/\/linitiative.ca\/International\/wp-json\/wp\/v2\/types\/post"}],"author":[{"embeddable":true,"href":"https:\/\/linitiative.ca\/International\/wp-json\/wp\/v2\/users\/1788"}],"replies":[{"embeddable":true,"href":"https:\/\/linitiative.ca\/International\/wp-json\/wp\/v2\/comments?post=73103"}],"version-history":[{"count":0,"href":"https:\/\/linitiative.ca\/International\/wp-json\/wp\/v2\/posts\/73103\/revisions"}],"wp:attachment":[{"href":"https:\/\/linitiative.ca\/International\/wp-json\/wp\/v2\/media?parent=73103"}],"wp:term":[{"taxonomy":"category","embeddable":true,"href":"https:\/\/linitiative.ca\/International\/wp-json\/wp\/v2\/categories?post=73103"},{"taxonomy":"post_tag","embeddable":true,"href":"https:\/\/linitiative.ca\/International\/wp-json\/wp\/v2\/tags?post=73103"}],"curies":[{"name":"wp","href":"https:\/\/api.w.org\/{rel}","templated":true}]}}