{"id":73104,"date":"2020-01-15T03:25:12","date_gmt":"2020-01-15T08:25:12","guid":{"rendered":"https:\/\/linitiative.ca\/International\/el-oued-activation-du-syrpalac-pour-traiter-le-surplus-de-production-de-pomme-de-terre\/"},"modified":"2020-01-15T03:25:12","modified_gmt":"2020-01-15T08:25:12","slug":"el-oued-activation-du-syrpalac-pour-traiter-le-surplus-de-production-de-pomme-de-terre","status":"publish","type":"post","link":"https:\/\/linitiative.ca\/International\/el-oued-activation-du-syrpalac-pour-traiter-le-surplus-de-production-de-pomme-de-terre\/","title":{"rendered":"El-Oued: activation du Syrpalac pour traiter le surplus de production de pomme de terre"},"content":{"rendered":"<div readability=\"37\">\n<p><strong>EL-OUED &#8211; Le syst\u00e8me de r\u00e9gulation des produits agricoles de large consommation (SYRPALAC) a \u00e9t\u00e9 activ\u00e9 cette semaine dans la wilaya d\u2019El-Oued, pour le traitement des surplus de r\u00e9coltes de pomme de terre cette saison (2019-2020), a-t-on appris mercredi aupr\u00e8s de la Direction locale des services agricoles (DSA).<\/strong><\/p>\n<\/div>\n<div readability=\"92.6698113208\">\n<p>La d\u00e9marche intervient en application du programme d\u2019urgence arr\u00eat\u00e9 par le minist\u00e8re de l\u2019Agriculture et du D\u00e9veloppement rural comme mesure pratique et ponctuelle pour solutionner la question des surplus de production de la pomme de terre, a indiqu\u00e9 le chef de service d\u2019organisation de la production et du soutien technique, Salem Bekkari.<\/p>\n<blockquote readability=\"10\">\n<p><em><strong>Elle est consid\u00e9r\u00e9e comme la plus \u00ab\u00a0efficiente\u00a0\u00bb en ce sens qu\u2019elle oriente ces surplus vers la constitution de stocks strat\u00e9giques pour r\u00e9guler le march\u00e9, garantir un \u00e9quilibre entre l\u2019offre et la demande et r\u00e9pondre \u00e0 la demande protection du producteur et du consommateur, a-t-il expliqu\u00e9.<\/strong><\/em><\/p>\n<\/blockquote>\n<p>Comme premi\u00e8re \u00e9tape, huit (8) op\u00e9rateurs \u00e9conomiques priv\u00e9s ont \u00e9t\u00e9 retenus par le minist\u00e8re de tutelle pour l\u2019acquisition des surplus de production de pomme de terre directement aupr\u00e8s des agriculteurs, et l\u2019orienter vers l\u2019emmagasinage dans des chambres froides dans des wilayas du Nord du pays ou la commercialisation au niveau des march\u00e9s de gros nationaux des fruits et l\u00e9gumes, a fait savoir le responsable.<\/p>\n<p>Ces op\u00e9rateurs ont \u00e9t\u00e9 orient\u00e9s vers neuf (9) zones agricoles productrices de pomme de terre de la wilaya d\u2019El-Oued (Reguiba, Taghezout, Guemmar, Robbah, Hassi-Khelifa, Trifaoui, Magrane, Ourmas et Oued El-Allenda), pour proc\u00e9der aux enl\u00e8vements, a-t-il ajout\u00e9.<\/p>\n<hr\/>\n<h3>Lire aussi:\u00a0<a href=\"http:\/\/www.aps.dz\/economie\/99646-vers-la-dynamisation-du-systeme-syrpalac-dans-la-filiere-de-pomme-de-terre\" target=\"_blank\" rel=\"noopener noreferrer\">Vers la dynamisation du syst\u00e8me \u00ab\u00a0SYRPALAC\u00a0\u00bb dans la fili\u00e8re de pomme de terre<\/a><\/h3>\n<hr\/>\n<blockquote readability=\"14\">\n<p><em><strong>Selon M. Bekkari, plus de 24.000 quintaux de pomme de terre ont \u00e9t\u00e9 d\u00e9j\u00e0 achemin\u00e9s, depuis le lancement cette semaine de l\u2019op\u00e9ration, sur 84 camions de gros tonnage, \u00e0 un prix \u00ab\u00a0acceptable\u00a0\u00bb, oscillant entre 35 et 40 dinars\/kilogramme, alors que son prix sur les march\u00e9s locaux n\u2019exc\u00e8de pas les 30 DA\/Kg.<\/strong><\/em><\/p>\n<\/blockquote>\n<p>L\u2019op\u00e9ration est supervis\u00e9e par une commission compos\u00e9e des pr\u00e9sidents de la Chambre de l\u2019Agriculture de la wilaya et du Conseil interprofessionnel de la fili\u00e8re de la pomme de terre, de repr\u00e9sentants de la DSA et de producteurs issus de diff\u00e9rentes communes de la wilaya, et ce sous le contr\u00f4le du directeur r\u00e9gional de l\u2019Office national professionnel des l\u00e9gumes et des viandes, selon la m\u00eame source.<\/p>\n<blockquote readability=\"9\">\n<p><em><strong>La mise en \u0153uvre de cette mesure intervient suite aux promesses faites par une commission minist\u00e9rielle aux agriculteurs de la wilaya d\u2019El-Oued, lors d\u2019une rencontre fin d\u00e9cembre dernier consacr\u00e9e \u00e0 la recherche d\u2019une solution \u00e0 la probl\u00e9matique des surplus de production de pomme de terre.<\/strong><\/em><\/p>\n<\/blockquote>\n<p>La rencontre avait \u00e9t\u00e9 pr\u00e9sid\u00e9e par le directeur g\u00e9n\u00e9ral de la r\u00e9gulation de la production agricole et sa promotion (minist\u00e8re), Mohamed Kherroubi, en pr\u00e9sence du directeur g\u00e9n\u00e9ral de l\u2019Office interprofessionnel des l\u00e9gumes et viandes (ONILEV), Karim Helou, et du pr\u00e9sident du Conseil national interprofessionnel de la fili\u00e8re pomme de terre, Ahc\u00e8ne Kedmani, qui se trouve \u00eatre aussi le pr\u00e9sident de la F\u00e9d\u00e9ration nationale de plants de pomme de terre.<\/p>\n<p>Une production de 8,6 millions de quintaux de pomme de terre est attendue cette saison dans la wilaya d\u2019El-Oued pour une superficie de 37.000 hectares ou activent 7.600 agriculteurs, selon les donn\u00e9es de la DSA.<\/p>\n<\/div>\n<p>Auteur:<br \/>\n<a href=\"http:\/\/www.aps.dz\/regions\/100158-el-oued-activation-du-syrpalac-pour-traiter-le-surplus-de-production-de-pomme-de-terre\">Cliquez ici pour lire l&rsquo;article depuis sa source.<\/a><\/p>\n","protected":false},"excerpt":{"rendered":"<p>EL-OUED &#8211; Le syst\u00e8me de r\u00e9gulation des produits agricoles de large consommation (SYRPALAC) a \u00e9t\u00e9 activ\u00e9 cette semaine dans la wilaya d\u2019El-Oued, pour le traitement des surplus de r\u00e9coltes de pomme de terre cette saison (2019-2020), a-t-on appris mercredi aupr\u00e8s de la Direction locale des services agricoles (DSA). La d\u00e9marche intervient en application du programme [&hellip;]<\/p>\n","protected":false},"author":1790,"featured_media":0,"comment_status":"closed","ping_status":"closed","sticky":false,"template":"","format":"standard","meta":{"fifu_image_url":"","fifu_image_alt":"","footnotes":""},"categories":[53,76],"tags":[],"class_list":["post-73104","post","type-post","status-publish","format-standard","hentry","category-algerie","category-regions"],"_links":{"self":[{"href":"https:\/\/linitiative.ca\/International\/wp-json\/wp\/v2\/posts\/73104","targetHints":{"allow":["GET"]}}],"collection":[{"href":"https:\/\/linitiative.ca\/International\/wp-json\/wp\/v2\/posts"}],"about":[{"href":"https:\/\/linitiative.ca\/International\/wp-json\/wp\/v2\/types\/post"}],"author":[{"embeddable":true,"href":"https:\/\/linitiative.ca\/International\/wp-json\/wp\/v2\/users\/1790"}],"replies":[{"embeddable":true,"href":"https:\/\/linitiative.ca\/International\/wp-json\/wp\/v2\/comments?post=73104"}],"version-history":[{"count":0,"href":"https:\/\/linitiative.ca\/International\/wp-json\/wp\/v2\/posts\/73104\/revisions"}],"wp:attachment":[{"href":"https:\/\/linitiative.ca\/International\/wp-json\/wp\/v2\/media?parent=73104"}],"wp:term":[{"taxonomy":"category","embeddable":true,"href":"https:\/\/linitiative.ca\/International\/wp-json\/wp\/v2\/categories?post=73104"},{"taxonomy":"post_tag","embeddable":true,"href":"https:\/\/linitiative.ca\/International\/wp-json\/wp\/v2\/tags?post=73104"}],"curies":[{"name":"wp","href":"https:\/\/api.w.org\/{rel}","templated":true}]}}