{"id":73108,"date":"2020-01-15T13:05:16","date_gmt":"2020-01-15T18:05:16","guid":{"rendered":"https:\/\/linitiative.ca\/International\/prevention-des-inondations-prise-en-charge-de-200-km-doueds-en-zones-urbaines\/"},"modified":"2020-01-15T13:05:16","modified_gmt":"2020-01-15T18:05:16","slug":"prevention-des-inondations-prise-en-charge-de-200-km-doueds-en-zones-urbaines","status":"publish","type":"post","link":"https:\/\/linitiative.ca\/International\/prevention-des-inondations-prise-en-charge-de-200-km-doueds-en-zones-urbaines\/","title":{"rendered":"Pr\u00e9vention des inondations : prise en charge de 200 km d\u2019oueds en zones urbaines"},"content":{"rendered":"<div readability=\"39\">\n<p><strong>BLIDA &#8211; Pr\u00e9s de 200 km d\u2019oueds traversant diff\u00e9rentes zones urbaines du pays et class\u00e9s comme point noirs expos\u00e9s au risque des inondations, ont \u00e9t\u00e9 pris en charge dans le cadre de la Strat\u00e9gie nationale de lutte contre les inondations, a-t-on appris, mercredi \u00e0 Blida, aupr\u00e8s de la repr\u00e9sentante du minist\u00e8re des Ressources en eau.<\/strong><\/p>\n<\/div>\n<div readability=\"140.313583815\">\n<p>\u00ab\u00a0A ce jour, il a \u00e9t\u00e9 proc\u00e9d\u00e9 au traitement de pr\u00e9s de 200 km d\u2019oueds traversant diff\u00e9rentes zones urbaines du pays, sur un total de 700 km de cours d\u2019eau concern\u00e9s\u00a0\u00bb, a indiqu\u00e9 \u00e0 l\u2019APS, Mme. Ziani Nora, en marge d\u2019une Journ\u00e9e d\u2019\u00e9tudes sur les \u00ab\u00a0Risques d\u2019inondations dans les zones urbaines\u00a0\u00bb.<\/p>\n<p>Elle a, \u00e9galement, signal\u00e9, au titre des efforts consentis par le minist\u00e8re des Ressources en eau pour r\u00e9duire les risques li\u00e9s aux inondations, \u00ab\u00a0l\u2019installation d\u2019une commission nationale\u00a0\u00bb, regroupant, \u00ab\u00a0diff\u00e9rents secteurs concern\u00e9s(Environnement, Transport, Int\u00e9rieur et Enseignement sup\u00e9rieur) par la mise en \u0153uvre de cette strat\u00e9gie nationale \u00e9tablie \u00e0 l\u2019horizon 2030\u00a0\u00bb, a-t-elle ajout\u00e9.<\/p>\n<p>La responsable a signal\u00e9, en outre, l\u2019identification de 689 sites (\u00e0 l\u2019\u00e9chelle nationale) comme \u00e9tant expos\u00e9s aux inondations pour avoir d\u00e9j\u00e0 connu des \u00e9v\u00e9nements dommageables r\u00e9pertori\u00e9s, sur la base des r\u00e9sultats, a-t-elle dit, de l\u2019\u00e9tude de la strat\u00e9gie nationale de lutte contre les inondations, financ\u00e9e par l\u2019Union europ\u00e9enne, dans le cadre de la Coop\u00e9ration Alg\u00e9rie-Union europ\u00e9enne\/Programme d\u2019appui au secteur de l\u2019eau et de l\u2019Assainissement.<\/p>\n<p>Des experts et chercheurs intervenus \u00e0 l\u2019occasion de cette Journ\u00e9e ont abord\u00e9 les causes \u00e0 l\u2019origine des inondations et les moyens d\u2019en r\u00e9duire l\u2019impact, \u00e0 l\u2019image du Professeur Mohamed Madi de l\u2019Ecole nationale sup\u00e9rieure d\u2019hydraulique (organisatrice de l\u2019\u00e9v\u00e9nement), qui a estim\u00e9 que \u00ab\u00a0les causes des inondations enregistr\u00e9es, ces derni\u00e8res ann\u00e9es, en Alg\u00e9rie, sont principalement li\u00e9es aux changements climatiques, outre le facteur humain\u00a0\u00bb, a-t-il observ\u00e9.<\/p>\n<p>\u00ab\u00a0Le changement climatique est en cause dans le retard des saisons, et la faiblesse des pr\u00e9cipitations pluviom\u00e9triques enregistr\u00e9es annuellement\u00a0\u00bb, a estim\u00e9 ce chercheur, soulignant que les inondations enregistr\u00e9es, pr\u00e9c\u00e9demment, dans nombre de wilayas, ont \u00e9t\u00e9 caus\u00e9s \u00ab\u00a0par la chute d\u2019importantes quantit\u00e9s de pluies en un laps de temps tr\u00e8s court\u00a0\u00bb, ce qui a donn\u00e9 lieu, \u00ab\u00a0\u00e0 une impossibilit\u00e9 pour les avaloirs d\u2019absorber cet important volume d\u2019eau\u00a0\u00bb, a-t-il expliqu\u00e9.<\/p>\n<hr\/>\n<p><em><strong>Lire aussi:\u00a0<a href=\"http:\/\/www.aps.dz\/economie\/100151-necessite-d-elaborer-un-plan-d-action-pour-moderniser-et-developper-l-anrh\">N\u00e9cessit\u00e9 d&rsquo;\u00e9laborer un plan d&rsquo;action pour moderniser et d\u00e9velopper l&rsquo;ANRH<\/a><\/strong><\/em><\/p>\n<hr\/>\n<p>\u00ab\u00a0Encore plus, les importantes chutes pluviales en un court laps de temps ont, \u00e9galement, caus\u00e9 une hausse du flux des eaux des Oueds traversant les zones urbaines\u00a0\u00bb, a ajout\u00e9 le PR. Madi, plaidant pour l\u2019imp\u00e9ratif de la \u00ab\u00a0prise en consid\u00e9ration des changements climatiques dans la mise au point du Plan d\u2019am\u00e9nagement des Oueds de mani\u00e8re \u00e0 l\u2019adapter aux nouvelles donn\u00e9es, et \u00e9viter ainsi des risques d\u2019inondations, avec leur corollaire de pertes en vie humaines et de d\u00e9g\u00e2ts mat\u00e9riels\u00a0\u00bb, a-t-il soulign\u00e9.<\/p>\n<p>Il a, \u00e9galement, appel\u00e9 \u00e0 la r\u00e9alisation d\u2019\u00e9tudes sur le sujet, au niveau des laboratoires de recherche universitaire, en coordination avec les organismes et institutions relevant du minist\u00e8re des Ressources en eau.<\/p>\n<p>Quant au directeur de l\u2019Ecole nationale sup\u00e9rieure d\u2019hydraulique, Kamel Mihoubi, il a ax\u00e9 dans son intervention, sur les objectifs assign\u00e9s \u00e0 cette Journ\u00e9e d\u2019\u00e9tudes, ayant regroup\u00e9 des chercheurs et experts de diff\u00e9rents secteurs concern\u00e9s (dont la protection civile).<\/p>\n<p>Il s\u2019agit, a-t-il dit, d\u2019aborder les \u00ab\u00a0moyens susceptibles de pr\u00e9venir les risques d\u2019inondations, aux fins d\u2019en r\u00e9duire les cons\u00e9quences n\u00e9fastes, parall\u00e8lement \u00e0 l\u2019instauration d\u2019un espace d\u2019\u00e9changes entre les chercheurs et les professionnels, repr\u00e9sent\u00e9s par diff\u00e9rents secteurs concern\u00e9s par la gestion du risque des inondations en zones urbaines notamment\u00a0\u00bb, a-t-il fait savoir.<\/p>\n<p>A noter que l\u2019Etat a affect\u00e9 une enveloppe globale de plus de 311 milliards de DA pour la mise en \u0153uvre de la Strat\u00e9gie nationale de lutte contre les inondations \u00e9tablie \u00e0 l\u2019horizon 2030, et constituant, selon Mme.Ziani Nora, \u00ab\u00a0un cadre de travail commun et une feuille de route partag\u00e9e qui permettent \u00e0 toutes les parties prenantes de coordonner leurs efforts, afin de r\u00e9duire la vuln\u00e9rabilit\u00e9 des villes alg\u00e9riennes\u00a0\u00bb.<\/p>\n<\/div>\n<p>Auteur:<br \/>\n<a href=\"http:\/\/www.aps.dz\/regions\/100190-prevention-des-inondations-prise-en-charge-de-200-km-d-oueds-en-zones-urbaines\">Cliquez ici pour lire l&rsquo;article depuis sa source.<\/a><\/p>\n","protected":false},"excerpt":{"rendered":"<p>BLIDA &#8211; Pr\u00e9s de 200 km d\u2019oueds traversant diff\u00e9rentes zones urbaines du pays et class\u00e9s comme point noirs expos\u00e9s au risque des inondations, ont \u00e9t\u00e9 pris en charge dans le cadre de la Strat\u00e9gie nationale de lutte contre les inondations, a-t-on appris, mercredi \u00e0 Blida, aupr\u00e8s de la repr\u00e9sentante du minist\u00e8re des Ressources en eau. [&hellip;]<\/p>\n","protected":false},"author":1790,"featured_media":0,"comment_status":"closed","ping_status":"closed","sticky":false,"template":"","format":"standard","meta":{"fifu_image_url":"","fifu_image_alt":"","footnotes":""},"categories":[53,76],"tags":[],"class_list":["post-73108","post","type-post","status-publish","format-standard","hentry","category-algerie","category-regions"],"_links":{"self":[{"href":"https:\/\/linitiative.ca\/International\/wp-json\/wp\/v2\/posts\/73108","targetHints":{"allow":["GET"]}}],"collection":[{"href":"https:\/\/linitiative.ca\/International\/wp-json\/wp\/v2\/posts"}],"about":[{"href":"https:\/\/linitiative.ca\/International\/wp-json\/wp\/v2\/types\/post"}],"author":[{"embeddable":true,"href":"https:\/\/linitiative.ca\/International\/wp-json\/wp\/v2\/users\/1790"}],"replies":[{"embeddable":true,"href":"https:\/\/linitiative.ca\/International\/wp-json\/wp\/v2\/comments?post=73108"}],"version-history":[{"count":0,"href":"https:\/\/linitiative.ca\/International\/wp-json\/wp\/v2\/posts\/73108\/revisions"}],"wp:attachment":[{"href":"https:\/\/linitiative.ca\/International\/wp-json\/wp\/v2\/media?parent=73108"}],"wp:term":[{"taxonomy":"category","embeddable":true,"href":"https:\/\/linitiative.ca\/International\/wp-json\/wp\/v2\/categories?post=73108"},{"taxonomy":"post_tag","embeddable":true,"href":"https:\/\/linitiative.ca\/International\/wp-json\/wp\/v2\/tags?post=73108"}],"curies":[{"name":"wp","href":"https:\/\/api.w.org\/{rel}","templated":true}]}}