{"id":73116,"date":"2020-01-15T15:14:18","date_gmt":"2020-01-15T20:14:18","guid":{"rendered":"https:\/\/linitiative.ca\/International\/pros-as-monaco-psg-slimani-forfait\/"},"modified":"2020-01-15T15:14:18","modified_gmt":"2020-01-15T20:14:18","slug":"pros-as-monaco-psg-slimani-forfait","status":"publish","type":"post","link":"https:\/\/linitiative.ca\/International\/pros-as-monaco-psg-slimani-forfait\/","title":{"rendered":"Pros : AS Monaco &#8211; PSG: Slimani forfait !"},"content":{"rendered":"<div readability=\"32\">\n<p>Auteur : <span class=\"time\">mercredi 15 janvier 2020 19:11<\/span><\/p>\n<\/div>\n<div id=\"post_core\" readability=\"37\">\n<p>C\u2019est la tuile pour Robert Moreno. Le tacticien espagnol devra faire sans le meilleur passeur du championnat. Il n\u2019a pas \u00e9t\u00e9 retenu dans le groupe pour la r\u00e9ception du Paris-Saint-Germain, ce soir. Sa g\u00eane ressentie apr\u00e8s l\u2019acte I au Parc des princes l\u2019emp\u00eache d\u2019\u00eatre pr\u00e9sent sur la pelouse de Louis II. Nous rappelons que Slimani avait permis au Rocher de ramener un point de la capitale avec son but en fin de rencontre rapporte Onzemondial. D\u00e9j\u00e0 juste physiquement pour \u00eatre titularis\u00e9 ce week-end, l\u2019attaquant alg\u00e9rien ne sera de nouveau pas dans le onze titulaire de Moreno. Le tacticien espagnol ne devrait donc pas revenir \u00e0 un 4-4-2 sans lui. L\u2019ancien adjoint de Luis Enrique proposerait un 4-3-3 certainement similaire \u00e0 celui du 3-3 \u00e0 Paris ce dimanche.<\/p>\n<p><strong>Publi\u00e9 dans :<\/strong> <span>slimani<\/span><\/p>\n<\/div>\n<p>Auteur:<br \/>\n<a href=\"http:\/\/www.lebuteur.com\/article\/detail?titre=as-monaco-psg-slimani-forfait&#038;id=94199&#038;utm_source=feedburner&#038;utm_medium=feed&#038;utm_campaign=Feed%3A+GalerieFArtciles+%28Les+derniers+articles++-+lebuteur.com%29\">Cliquez ici pour lire l&rsquo;article depuis sa source.<\/a><\/p>\n","protected":false},"excerpt":{"rendered":"<p>Auteur : mercredi 15 janvier 2020 19:11 C\u2019est la tuile pour Robert Moreno. Le tacticien espagnol devra faire sans le meilleur passeur du championnat. Il n\u2019a pas \u00e9t\u00e9 retenu dans le groupe pour la r\u00e9ception du Paris-Saint-Germain, ce soir. Sa g\u00eane ressentie apr\u00e8s l\u2019acte I au Parc des princes l\u2019emp\u00eache d\u2019\u00eatre pr\u00e9sent sur la pelouse [&hellip;]<\/p>\n","protected":false},"author":1738,"featured_media":73117,"comment_status":"closed","ping_status":"closed","sticky":false,"template":"","format":"standard","meta":{"fifu_image_url":"","fifu_image_alt":"","footnotes":""},"categories":[53,75],"tags":[],"class_list":["post-73116","post","type-post","status-publish","format-standard","has-post-thumbnail","hentry","category-algerie","category-sport"],"_links":{"self":[{"href":"https:\/\/linitiative.ca\/International\/wp-json\/wp\/v2\/posts\/73116","targetHints":{"allow":["GET"]}}],"collection":[{"href":"https:\/\/linitiative.ca\/International\/wp-json\/wp\/v2\/posts"}],"about":[{"href":"https:\/\/linitiative.ca\/International\/wp-json\/wp\/v2\/types\/post"}],"author":[{"embeddable":true,"href":"https:\/\/linitiative.ca\/International\/wp-json\/wp\/v2\/users\/1738"}],"replies":[{"embeddable":true,"href":"https:\/\/linitiative.ca\/International\/wp-json\/wp\/v2\/comments?post=73116"}],"version-history":[{"count":0,"href":"https:\/\/linitiative.ca\/International\/wp-json\/wp\/v2\/posts\/73116\/revisions"}],"wp:featuredmedia":[{"embeddable":true,"href":"https:\/\/linitiative.ca\/International\/wp-json\/"}],"wp:attachment":[{"href":"https:\/\/linitiative.ca\/International\/wp-json\/wp\/v2\/media?parent=73116"}],"wp:term":[{"taxonomy":"category","embeddable":true,"href":"https:\/\/linitiative.ca\/International\/wp-json\/wp\/v2\/categories?post=73116"},{"taxonomy":"post_tag","embeddable":true,"href":"https:\/\/linitiative.ca\/International\/wp-json\/wp\/v2\/tags?post=73116"}],"curies":[{"name":"wp","href":"https:\/\/api.w.org\/{rel}","templated":true}]}}