{"id":73118,"date":"2020-01-15T15:14:22","date_gmt":"2020-01-15T20:14:22","guid":{"rendered":"https:\/\/linitiative.ca\/International\/international-fiorentina-ghezzal-prive-de-temps-de-jeu-meme-en-coupe-ditalie\/"},"modified":"2020-01-15T15:14:22","modified_gmt":"2020-01-15T20:14:22","slug":"international-fiorentina-ghezzal-prive-de-temps-de-jeu-meme-en-coupe-ditalie","status":"publish","type":"post","link":"https:\/\/linitiative.ca\/International\/international-fiorentina-ghezzal-prive-de-temps-de-jeu-meme-en-coupe-ditalie\/","title":{"rendered":"International : Fiorentina : Ghezzal priv\u00e9 de temps de jeu m\u00eame en Coupe d&rsquo;Italie"},"content":{"rendered":"<div readability=\"32\">\n<p>Auteur : <span class=\"time\">mercredi 15 janvier 2020 19:43<\/span><\/p>\n<\/div>\n<div id=\"post_core\" readability=\"45\">\n<p>La Fiorentina, en difficult\u00e9 en Serie A (14e), s\u2019est offert un petit rayon de soleil en disposant de l\u2019Atalanta Bergame en huiti\u00e8me de finale de la Coupe d\u2019Italie, 2-1 \u00e0 domicile. Cutrone (11e) avait ouvert le score pour les locaux, avant l\u2019\u00e9galisation d\u2019Ilicic pour les Bergamasques (67e) comme l&rsquo;indique Sport24. C\u2019est finalement Lirola qui a donn\u00e9 la victoire aux Florentins en fin de rencontre (84e), et permis \u00e0 son \u00e9quipe de se qualifier pour les quarts de finale. \u00c0 18 heures, l\u2019AC Milan affronte la SPAL, alors qu\u2019\u00e0 20h45, la Juventus re\u00e7oit Udinese.<\/p>\n<p><strong>Publi\u00e9 dans :<\/strong> <span>Fiorentina<\/span><\/p>\n<\/div>\n<p>Auteur:<br \/>\n<a href=\"http:\/\/www.lebuteur.com\/article\/detail?titre=fiorentina-ghezzal-prive-de-temps-de-jeu-meme-en-coupe-ditalie&#038;id=94200&#038;utm_source=feedburner&#038;utm_medium=feed&#038;utm_campaign=Feed%3A+GalerieFArtciles+%28Les+derniers+articles++-+lebuteur.com%29\">Cliquez ici pour lire l&rsquo;article depuis sa source.<\/a><\/p>\n","protected":false},"excerpt":{"rendered":"<p>Auteur : mercredi 15 janvier 2020 19:43 La Fiorentina, en difficult\u00e9 en Serie A (14e), s\u2019est offert un petit rayon de soleil en disposant de l\u2019Atalanta Bergame en huiti\u00e8me de finale de la Coupe d\u2019Italie, 2-1 \u00e0 domicile. Cutrone (11e) avait ouvert le score pour les locaux, avant l\u2019\u00e9galisation d\u2019Ilicic pour les Bergamasques (67e) comme [&hellip;]<\/p>\n","protected":false},"author":1738,"featured_media":73119,"comment_status":"closed","ping_status":"closed","sticky":false,"template":"","format":"standard","meta":{"fifu_image_url":"","fifu_image_alt":"","footnotes":""},"categories":[53,75],"tags":[],"class_list":["post-73118","post","type-post","status-publish","format-standard","has-post-thumbnail","hentry","category-algerie","category-sport"],"_links":{"self":[{"href":"https:\/\/linitiative.ca\/International\/wp-json\/wp\/v2\/posts\/73118","targetHints":{"allow":["GET"]}}],"collection":[{"href":"https:\/\/linitiative.ca\/International\/wp-json\/wp\/v2\/posts"}],"about":[{"href":"https:\/\/linitiative.ca\/International\/wp-json\/wp\/v2\/types\/post"}],"author":[{"embeddable":true,"href":"https:\/\/linitiative.ca\/International\/wp-json\/wp\/v2\/users\/1738"}],"replies":[{"embeddable":true,"href":"https:\/\/linitiative.ca\/International\/wp-json\/wp\/v2\/comments?post=73118"}],"version-history":[{"count":0,"href":"https:\/\/linitiative.ca\/International\/wp-json\/wp\/v2\/posts\/73118\/revisions"}],"wp:featuredmedia":[{"embeddable":true,"href":"https:\/\/linitiative.ca\/International\/wp-json\/"}],"wp:attachment":[{"href":"https:\/\/linitiative.ca\/International\/wp-json\/wp\/v2\/media?parent=73118"}],"wp:term":[{"taxonomy":"category","embeddable":true,"href":"https:\/\/linitiative.ca\/International\/wp-json\/wp\/v2\/categories?post=73118"},{"taxonomy":"post_tag","embeddable":true,"href":"https:\/\/linitiative.ca\/International\/wp-json\/wp\/v2\/tags?post=73118"}],"curies":[{"name":"wp","href":"https:\/\/api.w.org\/{rel}","templated":true}]}}