{"id":73120,"date":"2020-01-15T15:14:25","date_gmt":"2020-01-15T20:14:25","guid":{"rendered":"https:\/\/linitiative.ca\/International\/international-om-des-precisions-sur-le-coup-de-gueule-de-villas-boas\/"},"modified":"2020-01-15T15:14:25","modified_gmt":"2020-01-15T20:14:25","slug":"international-om-des-precisions-sur-le-coup-de-gueule-de-villas-boas","status":"publish","type":"post","link":"https:\/\/linitiative.ca\/International\/international-om-des-precisions-sur-le-coup-de-gueule-de-villas-boas\/","title":{"rendered":"International : OM : Des pr\u00e9cisions sur le coup de gueule de Villas-Boas"},"content":{"rendered":"<div readability=\"32\">\n<p>Auteur : <span class=\"time\">mercredi 15 janvier 2020 20:32<\/span><\/p>\n<\/div>\n<div id=\"post_core\" readability=\"47\">\n<p>Florent Germain, correspondant pour RMC \u00e0 Marseille, a donn\u00e9 des explications sur cette situation : \u00ab\u00a0Tout \u00e9tait trop calme \u00e0 Marseille et puis le sujet Paul Aldridge est intervenu. C&rsquo;est un conseiller sp\u00e9cial de Jacques-Henri Eyraud nomm\u00e9 il y a peu. Il va \u00eatre charg\u00e9, c&rsquo;est assez clair, de trouver des portes de sorties \u00e0 certains joueurs, notamment du c\u00f4t\u00e9 de l&rsquo;Angleterre, parce qu&rsquo;on estime du c\u00f4t\u00e9 de l&rsquo;actionnaire Frank Mc Court, que Zubizarreta ne sait pas bien vendre. (\u2026) Et donc on a recrut\u00e9 Paul Aldridge et \u00e7a ne plait pas \u00e0 Andr\u00e9 Villas-Boas pour trois raisons principalement. Un, il l&rsquo;a appris un petit peu sur le tard, \u00e7a l&rsquo;a agac\u00e9. Deux, c&rsquo;est quelque part remettre en question Zubizarreta et les deux hommes sont tr\u00e8s proches. Andr\u00e9 Villas-Boas a d&rsquo;ailleurs li\u00e9 son avenir \u00e0 celui de Zubizarreta. Trois, c&rsquo;est la preuve que l&rsquo;OM peut encore vendre cet hiver et que les finances \u00e0 Marseille sont plus importantes que le sportif\u00a0\u00bb, a ainsi d\u00e9clar\u00e9 Florent Germain sur les ondes de RMC et comme le rapporte Le10sport.<\/p>\n<p><strong>Publi\u00e9 dans :<\/strong> <span>Marseille<\/span><\/p>\n<\/div>\n<p>Auteur:<br \/>\n<a href=\"http:\/\/www.lebuteur.com\/article\/detail?titre=om-des-precisions-sur-le-coup-de-gueule-de-villas-boas&#038;id=94201&#038;utm_source=feedburner&#038;utm_medium=feed&#038;utm_campaign=Feed%3A+GalerieFArtciles+%28Les+derniers+articles++-+lebuteur.com%29\">Cliquez ici pour lire l&rsquo;article depuis sa source.<\/a><\/p>\n","protected":false},"excerpt":{"rendered":"<p>Auteur : mercredi 15 janvier 2020 20:32 Florent Germain, correspondant pour RMC \u00e0 Marseille, a donn\u00e9 des explications sur cette situation : \u00ab\u00a0Tout \u00e9tait trop calme \u00e0 Marseille et puis le sujet Paul Aldridge est intervenu. C&rsquo;est un conseiller sp\u00e9cial de Jacques-Henri Eyraud nomm\u00e9 il y a peu. Il va \u00eatre charg\u00e9, c&rsquo;est assez clair, [&hellip;]<\/p>\n","protected":false},"author":1738,"featured_media":73121,"comment_status":"closed","ping_status":"closed","sticky":false,"template":"","format":"standard","meta":{"fifu_image_url":"","fifu_image_alt":"","footnotes":""},"categories":[53,75],"tags":[],"class_list":["post-73120","post","type-post","status-publish","format-standard","has-post-thumbnail","hentry","category-algerie","category-sport"],"_links":{"self":[{"href":"https:\/\/linitiative.ca\/International\/wp-json\/wp\/v2\/posts\/73120","targetHints":{"allow":["GET"]}}],"collection":[{"href":"https:\/\/linitiative.ca\/International\/wp-json\/wp\/v2\/posts"}],"about":[{"href":"https:\/\/linitiative.ca\/International\/wp-json\/wp\/v2\/types\/post"}],"author":[{"embeddable":true,"href":"https:\/\/linitiative.ca\/International\/wp-json\/wp\/v2\/users\/1738"}],"replies":[{"embeddable":true,"href":"https:\/\/linitiative.ca\/International\/wp-json\/wp\/v2\/comments?post=73120"}],"version-history":[{"count":0,"href":"https:\/\/linitiative.ca\/International\/wp-json\/wp\/v2\/posts\/73120\/revisions"}],"wp:featuredmedia":[{"embeddable":true,"href":"https:\/\/linitiative.ca\/International\/wp-json\/"}],"wp:attachment":[{"href":"https:\/\/linitiative.ca\/International\/wp-json\/wp\/v2\/media?parent=73120"}],"wp:term":[{"taxonomy":"category","embeddable":true,"href":"https:\/\/linitiative.ca\/International\/wp-json\/wp\/v2\/categories?post=73120"},{"taxonomy":"post_tag","embeddable":true,"href":"https:\/\/linitiative.ca\/International\/wp-json\/wp\/v2\/tags?post=73120"}],"curies":[{"name":"wp","href":"https:\/\/api.w.org\/{rel}","templated":true}]}}