{"id":73122,"date":"2020-01-15T15:14:28","date_gmt":"2020-01-15T20:14:28","guid":{"rendered":"https:\/\/linitiative.ca\/International\/pros-milan-ac-bennacer-passeur-decisif-face-a-spal\/"},"modified":"2020-01-15T15:14:28","modified_gmt":"2020-01-15T20:14:28","slug":"pros-milan-ac-bennacer-passeur-decisif-face-a-spal","status":"publish","type":"post","link":"https:\/\/linitiative.ca\/International\/pros-milan-ac-bennacer-passeur-decisif-face-a-spal\/","title":{"rendered":"Pros : Milan AC : Bennacer passeur d\u00e9cisif face \u00e0 SPAL"},"content":{"rendered":"<div readability=\"32\">\n<p>Auteur : <span class=\"time\">mercredi 15 janvier 2020 20:51<\/span><\/p>\n<\/div>\n<div id=\"post_core\" readability=\"47\">\n<p>L\u2019AC Milan a tenu son rang ce mercredi \u00e0 l\u2019occasion des 8es de finale de la Coupe d\u2019Italie. Sur sa pelouse de San Siro, l\u2019\u00e9quipe lombarde a pris ais\u00e9ment le dessus sur la SPAL (3-0), signant son deuxi\u00e8me succ\u00e8s convaincant d\u2019affil\u00e9e apr\u00e8s celui r\u00e9colt\u00e9 contre Cagliari le week-end dernier.<\/p>\n<p>Le premier but pour les Milanais est venu \u00e0 la 20\u00e8me minute de jeu par l&rsquo;interm\u00e9diaire de Piatek suite \u00e0 un excellent service d\u2019Isma\u00ebl Bennacer.<\/p>\n<p>Avec cette victoire, Milan s\u2019invite en quarts de finale de la comp\u00e9tition. L\u2019\u00e9quipe lombarde court derri\u00e8re ce troph\u00e9e depuis 2003. Elle a, pour rappel, disput\u00e9 et perdu les \u00e9ditions 2016 et 2018 de la Coppa.<\/p>\n<p><strong>Publi\u00e9 dans :<\/strong> <span>Milan AC<\/span><\/p>\n<\/div>\n<p>Auteur:<br \/>\n<a href=\"http:\/\/www.lebuteur.com\/article\/detail?titre=milan-ac-bennacer-passeur-decisif-face-a-spal&#038;id=94202&#038;utm_source=feedburner&#038;utm_medium=feed&#038;utm_campaign=Feed%3A+GalerieFArtciles+%28Les+derniers+articles++-+lebuteur.com%29\">Cliquez ici pour lire l&rsquo;article depuis sa source.<\/a><\/p>\n","protected":false},"excerpt":{"rendered":"<p>Auteur : mercredi 15 janvier 2020 20:51 L\u2019AC Milan a tenu son rang ce mercredi \u00e0 l\u2019occasion des 8es de finale de la Coupe d\u2019Italie. Sur sa pelouse de San Siro, l\u2019\u00e9quipe lombarde a pris ais\u00e9ment le dessus sur la SPAL (3-0), signant son deuxi\u00e8me succ\u00e8s convaincant d\u2019affil\u00e9e apr\u00e8s celui r\u00e9colt\u00e9 contre Cagliari le week-end [&hellip;]<\/p>\n","protected":false},"author":1738,"featured_media":73123,"comment_status":"closed","ping_status":"closed","sticky":false,"template":"","format":"standard","meta":{"fifu_image_url":"","fifu_image_alt":"","footnotes":""},"categories":[53,75],"tags":[],"class_list":["post-73122","post","type-post","status-publish","format-standard","has-post-thumbnail","hentry","category-algerie","category-sport"],"_links":{"self":[{"href":"https:\/\/linitiative.ca\/International\/wp-json\/wp\/v2\/posts\/73122","targetHints":{"allow":["GET"]}}],"collection":[{"href":"https:\/\/linitiative.ca\/International\/wp-json\/wp\/v2\/posts"}],"about":[{"href":"https:\/\/linitiative.ca\/International\/wp-json\/wp\/v2\/types\/post"}],"author":[{"embeddable":true,"href":"https:\/\/linitiative.ca\/International\/wp-json\/wp\/v2\/users\/1738"}],"replies":[{"embeddable":true,"href":"https:\/\/linitiative.ca\/International\/wp-json\/wp\/v2\/comments?post=73122"}],"version-history":[{"count":0,"href":"https:\/\/linitiative.ca\/International\/wp-json\/wp\/v2\/posts\/73122\/revisions"}],"wp:featuredmedia":[{"embeddable":true,"href":"https:\/\/linitiative.ca\/International\/wp-json\/"}],"wp:attachment":[{"href":"https:\/\/linitiative.ca\/International\/wp-json\/wp\/v2\/media?parent=73122"}],"wp:term":[{"taxonomy":"category","embeddable":true,"href":"https:\/\/linitiative.ca\/International\/wp-json\/wp\/v2\/categories?post=73122"},{"taxonomy":"post_tag","embeddable":true,"href":"https:\/\/linitiative.ca\/International\/wp-json\/wp\/v2\/tags?post=73122"}],"curies":[{"name":"wp","href":"https:\/\/api.w.org\/{rel}","templated":true}]}}