{"id":73125,"date":"2020-01-15T15:19:55","date_gmt":"2020-01-15T20:19:55","guid":{"rendered":"https:\/\/linitiative.ca\/International\/le-president-de-la-republique-recoit-m-youcef-khatib\/"},"modified":"2020-01-15T15:19:55","modified_gmt":"2020-01-15T20:19:55","slug":"le-president-de-la-republique-recoit-m-youcef-khatib","status":"publish","type":"post","link":"https:\/\/linitiative.ca\/International\/le-president-de-la-republique-recoit-m-youcef-khatib\/","title":{"rendered":"Le pr\u00e9sident de la R\u00e9publique re\u00e7oit M. Youcef Khatib"},"content":{"rendered":"<p>Le pr\u00e9sident de la R\u00e9publique, M. Abdelmadjid Tebboune, a re\u00e7u, hier \u00e0 Alger, le moudjahid Dr Youcef Khatib, chef de la Wilaya IV historique, et ce dans le cadre de la s\u00e9rie de consultations sur la situation globale du pays et la r\u00e9vision de la Constitution, indique un communiqu\u00e9 de la pr\u00e9sidence de la R\u00e9publique. \u00abDans le cadre des consultations sur la situation globale du pays et la r\u00e9vision de la Constitution, pierre angulaire dans le processus d&rsquo;\u00e9dification de la nouvelle R\u00e9publique, le Pr\u00e9sident de la R\u00e9publique, M. Abdelmadjid Tebboune, a re\u00e7u, mercredi 15 janvier 2020, le moudjahid Dr Youcef Khatib, chef de la Wilaya IV historique\u00bb, pr\u00e9cise la m\u00eame source. Lors de cette rencontre, les deux parties \u00abont \u00e9chang\u00e9 les vues sur les moyens les plus ad\u00e9quats pour ne jamais d\u00e9vier de la D\u00e9claration du 1er Novembre, sous peine d&rsquo;\u00eatre \u00e9branl\u00e9s par les facteurs de la division et de la faiblesse, avait indiqu\u00e9 le Pr\u00e9sident Tebboune, dans son discours de prestation de serment\u00bb, a ajout\u00e9 la m\u00eame source. De son c\u00f4t\u00e9, le Dr Youcef Khatib a affich\u00e9 \u00abun int\u00e9r\u00eat particulier pour le volet relatif \u00e0 l&rsquo;\u00e9criture de l&rsquo;histoire afin de contribuer \u00e0 la pr\u00e9servation de la m\u00e9moire collective du peuple alg\u00e9rien, et exprim\u00e9 quelques avis et propositions pour garantir un meilleur avenir aux g\u00e9n\u00e9rations futures dans le cadre de la nouvelle R\u00e9publique\u00bb, a conclu le communiqu\u00e9.<br \/>\u00a0<\/p>\n<p>Auteur: elmoudjahid<br \/>\n<a href=\"http:\/\/www.elmoudjahid.com\/fr\/actualites\/147222\">Cliquez ici pour lire l&rsquo;article depuis sa source.<\/a><\/p>\n","protected":false},"excerpt":{"rendered":"<p>Le pr\u00e9sident de la R\u00e9publique, M. Abdelmadjid Tebboune, a re\u00e7u, hier \u00e0 Alger, le moudjahid Dr Youcef Khatib, chef de la Wilaya IV historique, et ce dans le cadre de la s\u00e9rie de consultations sur la situation globale du pays et la r\u00e9vision de la Constitution, indique un communiqu\u00e9 de la pr\u00e9sidence de la R\u00e9publique. [&hellip;]<\/p>\n","protected":false},"author":1744,"featured_media":0,"comment_status":"closed","ping_status":"closed","sticky":false,"template":"","format":"standard","meta":{"fifu_image_url":"","fifu_image_alt":"","footnotes":""},"categories":[73,53],"tags":[],"class_list":["post-73125","post","type-post","status-publish","format-standard","hentry","category-actualite","category-algerie"],"_links":{"self":[{"href":"https:\/\/linitiative.ca\/International\/wp-json\/wp\/v2\/posts\/73125","targetHints":{"allow":["GET"]}}],"collection":[{"href":"https:\/\/linitiative.ca\/International\/wp-json\/wp\/v2\/posts"}],"about":[{"href":"https:\/\/linitiative.ca\/International\/wp-json\/wp\/v2\/types\/post"}],"author":[{"embeddable":true,"href":"https:\/\/linitiative.ca\/International\/wp-json\/wp\/v2\/users\/1744"}],"replies":[{"embeddable":true,"href":"https:\/\/linitiative.ca\/International\/wp-json\/wp\/v2\/comments?post=73125"}],"version-history":[{"count":0,"href":"https:\/\/linitiative.ca\/International\/wp-json\/wp\/v2\/posts\/73125\/revisions"}],"wp:attachment":[{"href":"https:\/\/linitiative.ca\/International\/wp-json\/wp\/v2\/media?parent=73125"}],"wp:term":[{"taxonomy":"category","embeddable":true,"href":"https:\/\/linitiative.ca\/International\/wp-json\/wp\/v2\/categories?post=73125"},{"taxonomy":"post_tag","embeddable":true,"href":"https:\/\/linitiative.ca\/International\/wp-json\/wp\/v2\/tags?post=73125"}],"curies":[{"name":"wp","href":"https:\/\/api.w.org\/{rel}","templated":true}]}}