{"id":73126,"date":"2020-01-15T15:19:58","date_gmt":"2020-01-15T20:19:58","guid":{"rendered":"https:\/\/linitiative.ca\/International\/le-president-de-la-republique-recoit-le-president-de-lassociation-des-oulemas\/"},"modified":"2020-01-15T15:19:58","modified_gmt":"2020-01-15T20:19:58","slug":"le-president-de-la-republique-recoit-le-president-de-lassociation-des-oulemas","status":"publish","type":"post","link":"https:\/\/linitiative.ca\/International\/le-president-de-la-republique-recoit-le-president-de-lassociation-des-oulemas\/","title":{"rendered":"Le pr\u00e9sident de la R\u00e9publique re\u00e7oit le pr\u00e9sident  de l&rsquo;Association des oul\u00e9mas"},"content":{"rendered":"<p>Le Pr\u00e9sident de la R\u00e9publique, M. Abdelmadjid Tebboune, a re\u00e7u hier \u00e0 Alger le pr\u00e9sident de l&rsquo;Association des oul\u00e9mas musulmans alg\u00e9riens, le Dr Abderrezak Guessoum, dans le cadre du dialogue et des consultations engag\u00e9s sur la r\u00e9vision de la Constitution, indique la Pr\u00e9sidence de la R\u00e9publique dans un communiqu\u00e9. L&rsquo;audience a donn\u00e9 lieu \u00e0 un \u00e9change de vues sur nombre de questions nationales, notamment les moyens \u00e0 m\u00eame de d\u00e9passer la conjoncture actuelle pour se consacrer aux questions substantielles, ajoute le communiqu\u00e9, qui \u00e9voque dans ce sens \u00abl&rsquo;\u00e9dification d&rsquo;institutions efficientes refl\u00e9tant la volont\u00e9 populaire et d&rsquo;une \u00e9conomie nationale forte, diversifi\u00e9e et g\u00e9n\u00e9ratrice de richesses et d&#8217;emplois qui garantit les conditions d&rsquo;une vie d\u00e9cente \u00e0 tous les Alg\u00e9riens, ainsi que la cr\u00e9ation d&rsquo;un environnement social et culturel favorisant l&rsquo;\u00e9panouissement de la jeunesse et consolidant son patriotisme\u00bb. Pour sa part, le Dr Abderrezak Guessoum a expos\u00e9 \u00abla vision de l&rsquo;Association de la contribution qu&rsquo;elle peut offrir pour faire face aux d\u00e9fis, \u00e0 travers l&rsquo;attachement permanent \u00e0 la D\u00e9claration du 1er Novembre en tant que r\u00e9f\u00e9rence immuable et source d&rsquo;inspiration pour la pr\u00e9servation des constantes, des fondements et des valeurs de la Nation\u00bb, ajoute la m\u00eame source.<\/p>\n<p>Auteur: elmoudjahid<br \/>\n<a href=\"http:\/\/www.elmoudjahid.com\/fr\/actualites\/147223\">Cliquez ici pour lire l&rsquo;article depuis sa source.<\/a><\/p>\n","protected":false},"excerpt":{"rendered":"<p>Le Pr\u00e9sident de la R\u00e9publique, M. Abdelmadjid Tebboune, a re\u00e7u hier \u00e0 Alger le pr\u00e9sident de l&rsquo;Association des oul\u00e9mas musulmans alg\u00e9riens, le Dr Abderrezak Guessoum, dans le cadre du dialogue et des consultations engag\u00e9s sur la r\u00e9vision de la Constitution, indique la Pr\u00e9sidence de la R\u00e9publique dans un communiqu\u00e9. L&rsquo;audience a donn\u00e9 lieu \u00e0 un [&hellip;]<\/p>\n","protected":false},"author":1744,"featured_media":0,"comment_status":"closed","ping_status":"closed","sticky":false,"template":"","format":"standard","meta":{"fifu_image_url":"","fifu_image_alt":"","footnotes":""},"categories":[73,53],"tags":[],"class_list":["post-73126","post","type-post","status-publish","format-standard","hentry","category-actualite","category-algerie"],"_links":{"self":[{"href":"https:\/\/linitiative.ca\/International\/wp-json\/wp\/v2\/posts\/73126","targetHints":{"allow":["GET"]}}],"collection":[{"href":"https:\/\/linitiative.ca\/International\/wp-json\/wp\/v2\/posts"}],"about":[{"href":"https:\/\/linitiative.ca\/International\/wp-json\/wp\/v2\/types\/post"}],"author":[{"embeddable":true,"href":"https:\/\/linitiative.ca\/International\/wp-json\/wp\/v2\/users\/1744"}],"replies":[{"embeddable":true,"href":"https:\/\/linitiative.ca\/International\/wp-json\/wp\/v2\/comments?post=73126"}],"version-history":[{"count":0,"href":"https:\/\/linitiative.ca\/International\/wp-json\/wp\/v2\/posts\/73126\/revisions"}],"wp:attachment":[{"href":"https:\/\/linitiative.ca\/International\/wp-json\/wp\/v2\/media?parent=73126"}],"wp:term":[{"taxonomy":"category","embeddable":true,"href":"https:\/\/linitiative.ca\/International\/wp-json\/wp\/v2\/categories?post=73126"},{"taxonomy":"post_tag","embeddable":true,"href":"https:\/\/linitiative.ca\/International\/wp-json\/wp\/v2\/tags?post=73126"}],"curies":[{"name":"wp","href":"https:\/\/api.w.org\/{rel}","templated":true}]}}