{"id":73127,"date":"2020-01-15T15:20:00","date_gmt":"2020-01-15T20:20:00","guid":{"rendered":"https:\/\/linitiative.ca\/International\/promotion-de-la-presse-nationale-lassociation-des-journalistes-dalger-favorable-au-dialogue\/"},"modified":"2020-01-15T15:20:00","modified_gmt":"2020-01-15T20:20:00","slug":"promotion-de-la-presse-nationale-lassociation-des-journalistes-dalger-favorable-au-dialogue","status":"publish","type":"post","link":"https:\/\/linitiative.ca\/International\/promotion-de-la-presse-nationale-lassociation-des-journalistes-dalger-favorable-au-dialogue\/","title":{"rendered":"Promotion de la presse nationale : L&rsquo;Association des journalistes d&rsquo;Alger favorable au dialogue"},"content":{"rendered":"<p>L&rsquo;Association des journalistes d&rsquo;Alger a fait \u00e9tat hier de sa disponibilit\u00e9 \u00e0 contribuer au dialogue visant \u00e0 promouvoir la presse nationale \u00abconform\u00e9ment aux aspirations des Alg\u00e9riens\u00bb. L&rsquo;annonce par le ministre de la Communication, Porte-parole du gouvernement, Ammar Belhimer, de chantiers de r\u00e9forme du secteur \u00abmarque le d\u00e9but effectif de la concr\u00e9tisation de l&rsquo;un des engagements du Pr\u00e9sident de la R\u00e9publique relatif au syst\u00e8me d&rsquo;information\u00bb, a indiqu\u00e9 l&rsquo;Association des journalistes d&rsquo;Alger dans un communiqu\u00e9. A ce propos, l&rsquo;Association a annonc\u00e9 qu&rsquo; \u00abelle a entam\u00e9 l&rsquo;\u00e9laboration d&rsquo;une plate-forme de propositions \u00e0 soumettre au minist\u00e8re de la Communication pour contribuer de mani\u00e8re constructive au dialogue visant \u00e0 promouvoir la presse nationale, conform\u00e9ment aux aspirations des Alg\u00e9riens \u00e0 la cons\u00e9cration de l&rsquo;Etat d\u00e9mocratique sur la base de la justice sociale\u00bb. Parmi les principales propositions formul\u00e9es par l&rsquo;Association, pr\u00e9sid\u00e9e par Slimane Abdouche, figurent \u00abla r\u00e9vision de la loi sur l&rsquo;information, la mise en place du statut du journaliste, la promulgation des textes r\u00e9glementaires de la loi sur l&rsquo;audiovisuel, la r\u00e9gularisation de la situation des cha\u00eenes de t\u00e9l\u00e9vision priv\u00e9es, la mise en place d&rsquo;une charte de d\u00e9ontologie \u00e0 caract\u00e8re contraignant, la relance du Conseil d&rsquo;\u00e9thique et de d\u00e9ontologie de la presse et la promotion de la presse d&rsquo;investigation et de proximit\u00e9\u00bb. Par ailleurs, la plate-forme sugg\u00e8re \u00e9galement de faire obligation aux entreprises m\u00e9diatiques d&rsquo;appliquer un seuil minimum de salaire mensuel pour les journalistes et d&rsquo;aider les journalistes \u00e0 cr\u00e9er leurs micro-entreprises dans le secteur. L&rsquo;Association des journalistes d&rsquo;Alger (agr\u00e9\u00e9e en 2016) a, en outre, salu\u00e9 \u00able soutien du Pr\u00e9sident de la R\u00e9publique aux m\u00e9dias pour une pratique m\u00e9diatique n&rsquo;ob\u00e9issant qu&rsquo;\u00e0 la loi, \u00e0 l&rsquo;\u00e9thique et \u00e0 la d\u00e9ontologie\u00bb, faisant part de son \u00abadh\u00e9sion totale \u00e0 cette d\u00e9marche visant \u00e0 promouvoir la pratique m\u00e9diatique dans le pays sur la base des lois de la R\u00e9publique et de l&rsquo;\u00e9thique\u00bb.<br \/>\u00a0<\/p>\n<p>Auteur: elmoudjahid<br \/>\n<a href=\"http:\/\/www.elmoudjahid.com\/fr\/actualites\/147224\">Cliquez ici pour lire l&rsquo;article depuis sa source.<\/a><\/p>\n","protected":false},"excerpt":{"rendered":"<p>L&rsquo;Association des journalistes d&rsquo;Alger a fait \u00e9tat hier de sa disponibilit\u00e9 \u00e0 contribuer au dialogue visant \u00e0 promouvoir la presse nationale \u00abconform\u00e9ment aux aspirations des Alg\u00e9riens\u00bb. L&rsquo;annonce par le ministre de la Communication, Porte-parole du gouvernement, Ammar Belhimer, de chantiers de r\u00e9forme du secteur \u00abmarque le d\u00e9but effectif de la concr\u00e9tisation de l&rsquo;un des engagements [&hellip;]<\/p>\n","protected":false},"author":1744,"featured_media":0,"comment_status":"closed","ping_status":"closed","sticky":false,"template":"","format":"standard","meta":{"fifu_image_url":"","fifu_image_alt":"","footnotes":""},"categories":[73,53],"tags":[],"class_list":["post-73127","post","type-post","status-publish","format-standard","hentry","category-actualite","category-algerie"],"_links":{"self":[{"href":"https:\/\/linitiative.ca\/International\/wp-json\/wp\/v2\/posts\/73127","targetHints":{"allow":["GET"]}}],"collection":[{"href":"https:\/\/linitiative.ca\/International\/wp-json\/wp\/v2\/posts"}],"about":[{"href":"https:\/\/linitiative.ca\/International\/wp-json\/wp\/v2\/types\/post"}],"author":[{"embeddable":true,"href":"https:\/\/linitiative.ca\/International\/wp-json\/wp\/v2\/users\/1744"}],"replies":[{"embeddable":true,"href":"https:\/\/linitiative.ca\/International\/wp-json\/wp\/v2\/comments?post=73127"}],"version-history":[{"count":0,"href":"https:\/\/linitiative.ca\/International\/wp-json\/wp\/v2\/posts\/73127\/revisions"}],"wp:attachment":[{"href":"https:\/\/linitiative.ca\/International\/wp-json\/wp\/v2\/media?parent=73127"}],"wp:term":[{"taxonomy":"category","embeddable":true,"href":"https:\/\/linitiative.ca\/International\/wp-json\/wp\/v2\/categories?post=73127"},{"taxonomy":"post_tag","embeddable":true,"href":"https:\/\/linitiative.ca\/International\/wp-json\/wp\/v2\/tags?post=73127"}],"curies":[{"name":"wp","href":"https:\/\/api.w.org\/{rel}","templated":true}]}}