{"id":73128,"date":"2020-01-15T15:20:02","date_gmt":"2020-01-15T20:20:02","guid":{"rendered":"https:\/\/linitiative.ca\/International\/activites-sectorielles-dans-plusieurs-domaines-des-dossiers-de-premiere-importance\/"},"modified":"2020-01-15T15:20:02","modified_gmt":"2020-01-15T20:20:02","slug":"activites-sectorielles-dans-plusieurs-domaines-des-dossiers-de-premiere-importance","status":"publish","type":"post","link":"https:\/\/linitiative.ca\/International\/activites-sectorielles-dans-plusieurs-domaines-des-dossiers-de-premiere-importance\/","title":{"rendered":"Activit\u00e9s sectorielles dans plusieurs domaines  : Des dossiers de premi\u00e8re importance"},"content":{"rendered":"<p>Initialement pr\u00e9vue dimanche, la r\u00e9union du Conseil des ministres se tiendra samedi \u00ab en raison de la participation du pr\u00e9sident de la R\u00e9publique, M. Abdelmadjid Tebboune, \u00e0 la Conf\u00e9rence internationale sur la Libye pr\u00e9vue le m\u00eame jour \u00e0 Berlin, en Allemagne\u00bb. Les dossiers qui seront abord\u00e9s lors de cette r\u00e9union rel\u00e8vent de la premi\u00e8re importance, car ils repr\u00e9sentent des priorit\u00e9s strat\u00e9giques pour l\u2019actuel Ex\u00e9cutif qui s\u2019emploie \u00e0 \u00e9laborer les feuilles de route sectorielles comptant pour la mise en \u0153uvre du plan d\u2019action du gouvernement. Ces dossiers ont trait, en effet, \u00e0 la \u00ab redynamisation et au d\u00e9veloppement des activit\u00e9s sectorielles dans les domaines de l\u2019industrie, l\u2019agriculture, l\u2019habitat, le commerce et le commerce ext\u00e9rieur, la sant\u00e9 ainsi que les petites entreprises et les startups\u00bb, pr\u00e9cise le communiqu\u00e9 de la Pr\u00e9sidence de la R\u00e9publique.<br \/>On retient d\u2019abord cet engagement du Pr\u00e9sident pour \u00ab l\u2019application d\u2019une nouvelle politique de d\u00e9veloppement hors-hydrocarbures, la substitution des produits import\u00e9s par d\u2019autres locaux, en vue de pr\u00e9server les r\u00e9serves de change, la promotion des start-up et le renforcement du r\u00f4le \u00e9conomique des collectivit\u00e9s locales dans le d\u00e9veloppement et la diversification de l\u2019\u00e9conomie nationale, une am\u00e9lioration du climat des affaires, l\u2019encouragement de l\u2019investissement, notamment ext\u00e9rieur, direct. Des orientations doivent guider la d\u00e9marche du gouvernement pour le d\u00e9veloppement de nouvelles visions sectorielles cens\u00e9es contribuer \u00e0 la relance de l\u2019\u00e9conomie du pays sur des bases solides. Secteur strat\u00e9gique, vu son r\u00f4le dans la s\u00e9curit\u00e9 alimentaire du pays, l\u2019agriculture b\u00e9n\u00e9ficie d\u2019un int\u00e9r\u00eat particulier dans le programme du Pr\u00e9sident, qui a plaid\u00e9 la n\u00e9cessit\u00e9 d\u2019un plan d\u2019urgence pour le d\u00e9veloppement de cette activit\u00e9, notamment en ce qui concerne l\u2019agriculture saharienne, l\u2019industrie agroalimentaire et de la p\u00eache. Un secteur \u00e0 haut potentiel de croissance qui contribue \u00e0 plus de 12% dans la PIB national, avec une moyenne de croissance annuelle de plus de 7% au cours de ces derni\u00e8res ann\u00e9es, et qui est appel\u00e9 \u00e0 occuper sa place dans la strat\u00e9gie de diversification de l\u2019\u00e9conomie. Le logement est l\u2019autre dossier d\u2019actualit\u00e9 qui sera abord\u00e9 lors du Conseil. En fait, la politique du logement est largement soutenue par l\u2019Etat qui compte quantifier et diversifier l\u2019offre pour att\u00e9nuer l\u2019impact de la crise que conna\u00eet le secteur depuis plusieurs ann\u00e9es.<\/p>\n<p><strong>280 milliards DA pour la r\u00e9alisation\u00a0 des programmes de logement<\/strong><\/p>\n<p>Un int\u00e9r\u00eat traduit \u00e0 travers cette volont\u00e9 des pouvoirs publics de soutenir la dynamique de ce secteur de par son r\u00f4le dans la stabilit\u00e9 sociale, sachant que la loi de finances 2020 a mobilis\u00e9 une enveloppe de 280 milliards DA pour la r\u00e9alisation des programmes de logement, toutes formules confondues, \u00e0 travers l\u2019ensemble des wilayas. Le commerce ext\u00e9rieur figure \u00e9galement parmi les dossiers \u00e0 l\u2019ordre du jour du Conseil. Un dossier \u00e0 propos duquel le Pr\u00e9sident avait tenu \u00e0 pr\u00e9ciser que sa politique en la mati\u00e8re vise la r\u00e9gulation de ce segment. Autrement dit, la d\u00e9marche consiste \u00e0 \u00ab ne rien interdire, mais \u00e0 r\u00e9guler nos importations afin de prot\u00e9ger nos recettes\u00bb.<br \/>Des propos qui laissent entendre que le gouvernement devra s\u2019atteler \u00e0 engager une nouvelle action en ce qui concerne les importations superflues et les surfacturations.<br \/>M. Abdelmadjid Tebboune avait d\u00e9clar\u00e9 dans ce sens que \u00ab 20 \u00e0 25% de la facture alimentaire sont dus \u00e0 la surfacturation des importations et que l\u2019une des batailles \u00e0 mener pour ramener la facture \u00e0 des niveaux soutenables consiste \u00e0 lutter contre le ph\u00e9nom\u00e8ne de la majoration des importations\u00bb.<br \/>La d\u00e9signation d\u2019un ministre d\u00e9l\u00e9gu\u00e9 au Commerce ext\u00e9rieur est certainement motiv\u00e9e par cette volont\u00e9 de remettre de l\u2019ordre dans ce secteur. Dans un autre registre, le Conseil traitera le dossier relatif aux startups qui ont b\u00e9n\u00e9fici\u00e9 d\u2019un fonds de soutien et d\u2019accompagnement.\u00a0 A ce titre, le Pr\u00e9sident avait rassur\u00e9 que \u00abl\u2019\u00c9tat lancera une strat\u00e9gie pour les jeunes investisseurs et travaillera \u00e0 promouvoir le produit national en important que ce qui n\u2019est pas produit localement\u00bb. M. Tebboune avait \u00e9galement annonc\u00e9 que la refonte du syst\u00e8me fiscal pr\u00e9voit des avantages au profit des PME\/PMI et des jeunes investisseurs qui cr\u00e9eront des postes d\u2019emploi.\u00a0 Enfin, pour le secteur de la sant\u00e9, le premier magistrat du pays avait indiqu\u00e9 qu\u2019il sera proc\u00e9d\u00e9 \u00e0 la mise en place d&rsquo;un \u00abplan int\u00e9gr\u00e9 de pr\u00e9vention \u00e0 travers le diagnostic gratuit et pr\u00e9coce des hommes et des femmes, notamment en ce qui concerne les pathologies li\u00e9es \u00e0 l&rsquo;\u00e2ge, ainsi que l&rsquo;encouragement du diagnostic gratuit \u00e0 travers les \u00e9coles, les universit\u00e9s et les centres de formation\u00bb. Aussi, l&rsquo;Etat \u00abgarantira l&rsquo;acc\u00e8s des citoyens \u00e0 une prise en charge sanitaire de qualit\u00e9 \u00e0 travers l&rsquo;augmentation du budget accord\u00e9 au secteur de la sant\u00e9, la r\u00e9alisation de nouveaux centres hospitalo-universitaires et la r\u00e9solution de la probl\u00e9matique des urgences m\u00e9dicales\u00bb, avait soutenu M. Abdelmadjid Tebboune, qui avait \u00e9galement \u00e9voqu\u00e9 la n\u00e9cessit\u00e9 \u00abd&rsquo;encourager l&rsquo;investissement dans la production des m\u00e9dicaments et la promotion de l&rsquo;industrie locale des m\u00e9dicaments\u00bb. En fait, \u00ab l\u2019Alg\u00e9rie a besoin de classer ses priorit\u00e9s\u00bb, avait-il affirm\u00e9 dans le sillage de la mise en place des conditions et de l\u2019environnement propices \u00e0 l\u2019\u00e9mergence d\u2019une \u00e9conomie diversifi\u00e9e.<br \/>\u00a0\u00a0\u00a0 D. Akila<\/p>\n<p>Auteur: elmoudjahid<br \/>\n<a href=\"http:\/\/www.elmoudjahid.com\/fr\/actualites\/147225\">Cliquez ici pour lire l&rsquo;article depuis sa source.<\/a><\/p>\n","protected":false},"excerpt":{"rendered":"<p>Initialement pr\u00e9vue dimanche, la r\u00e9union du Conseil des ministres se tiendra samedi \u00ab en raison de la participation du pr\u00e9sident de la R\u00e9publique, M. Abdelmadjid Tebboune, \u00e0 la Conf\u00e9rence internationale sur la Libye pr\u00e9vue le m\u00eame jour \u00e0 Berlin, en Allemagne\u00bb. Les dossiers qui seront abord\u00e9s lors de cette r\u00e9union rel\u00e8vent de la premi\u00e8re importance, [&hellip;]<\/p>\n","protected":false},"author":1744,"featured_media":0,"comment_status":"closed","ping_status":"closed","sticky":false,"template":"","format":"standard","meta":{"fifu_image_url":"","fifu_image_alt":"","footnotes":""},"categories":[73,53],"tags":[],"class_list":["post-73128","post","type-post","status-publish","format-standard","hentry","category-actualite","category-algerie"],"_links":{"self":[{"href":"https:\/\/linitiative.ca\/International\/wp-json\/wp\/v2\/posts\/73128","targetHints":{"allow":["GET"]}}],"collection":[{"href":"https:\/\/linitiative.ca\/International\/wp-json\/wp\/v2\/posts"}],"about":[{"href":"https:\/\/linitiative.ca\/International\/wp-json\/wp\/v2\/types\/post"}],"author":[{"embeddable":true,"href":"https:\/\/linitiative.ca\/International\/wp-json\/wp\/v2\/users\/1744"}],"replies":[{"embeddable":true,"href":"https:\/\/linitiative.ca\/International\/wp-json\/wp\/v2\/comments?post=73128"}],"version-history":[{"count":0,"href":"https:\/\/linitiative.ca\/International\/wp-json\/wp\/v2\/posts\/73128\/revisions"}],"wp:attachment":[{"href":"https:\/\/linitiative.ca\/International\/wp-json\/wp\/v2\/media?parent=73128"}],"wp:term":[{"taxonomy":"category","embeddable":true,"href":"https:\/\/linitiative.ca\/International\/wp-json\/wp\/v2\/categories?post=73128"},{"taxonomy":"post_tag","embeddable":true,"href":"https:\/\/linitiative.ca\/International\/wp-json\/wp\/v2\/tags?post=73128"}],"curies":[{"name":"wp","href":"https:\/\/api.w.org\/{rel}","templated":true}]}}