{"id":73129,"date":"2020-01-15T04:22:57","date_gmt":"2020-01-15T09:22:57","guid":{"rendered":"https:\/\/linitiative.ca\/International\/100162-hand-can-2020-la-qualification-de-l-algerie-au-mondial-est-largement-a-sa-portee\/"},"modified":"2020-01-15T04:22:57","modified_gmt":"2020-01-15T09:22:57","slug":"100162-hand-can-2020-la-qualification-de-l-algerie-au-mondial-est-largement-a-sa-portee","status":"publish","type":"post","link":"https:\/\/linitiative.ca\/International\/100162-hand-can-2020-la-qualification-de-l-algerie-au-mondial-est-largement-a-sa-portee\/","title":{"rendered":"Hand\/CAN-2020: la qualification de l&rsquo;Alg\u00e9rie au Mondial est \u00ab\u00a0largement \u00e0 sa port\u00e9e\u00a0\u00bb"},"content":{"rendered":"<div readability=\"38\">\n<p><strong>ORAN &#8211; Les deux anciennes gloires du handball alg\u00e9rien, Mustapha Dobala et Abdelkrim Bendjemil, ont estim\u00e9 mercredi que la qualification des \u00ab\u00a0Verts\u00a0\u00bb au prochain Championnat du monde est \u00ab\u00a0largement \u00e0 leur port\u00e9e, contrairement \u00e0 la course \u00e0 la qualification aux Jeux olympiques de 2020 \u00e0 Tokyo\u00a0\u00bb.<\/strong><\/p>\n<\/div>\n<div readability=\"81.3541194255\">\n<p>La s\u00e9lection alg\u00e9rienne entame, jeudi, son aventure en Coupe d&rsquo;Afrique qu&rsquo;abrite la Tunisie en donnant la r\u00e9plique \u00e0 la Zambie.<\/p>\n<blockquote readability=\"8\">\n<p><em><strong>\u00ab\u00a0Je pense que notre \u00e9quipe est bien partie pour terminer \u00e0 la premi\u00e8re place de son groupe. C&rsquo;est tr\u00e8s important de mettre tous les atouts de notre c\u00f4t\u00e9 pour au moins atteindre les demi-finales de l&rsquo;\u00e9preuve\u00a0\u00bb, conseille Dobala dans une d\u00e9claration \u00e0 l&rsquo;APS.<\/strong><\/em><\/p>\n<\/blockquote>\n<p>Outre la Zambie, la s\u00e9lection alg\u00e9rienne aura \u00e0 croiser le fer lors du premier tour aussi avec le Congo et le Maroc respectivement.<\/p>\n<p>L&rsquo;ancien pivot des \u00ab\u00a0Verts\u00a0\u00bb s&rsquo;est f\u00e9licit\u00e9, en outre, de la qualit\u00e9 de la pr\u00e9paration effectu\u00e9e par les Alg\u00e9riens en pr\u00e9vision du rendez-vous continental, ce qui conforte son optimisme quant \u00e0 une participation alg\u00e9rienne r\u00e9ussie.<\/p>\n<blockquote readability=\"10\">\n<p><em><strong>\u00ab\u00a0Cela fait plusieurs ann\u00e9es que notre s\u00e9lection n&rsquo;a pas fait une aussi bonne pr\u00e9paration, m\u00eame s&rsquo;il reste encore du travail pour aspirer \u00e0 se mettre au m\u00eame niveau que les Tunisiens et\u00a0 Egyptiens qui vont certainement batailler pour le seul ticket donnant acc\u00e8s aux JO-2020\u00a0\u00bb, a pr\u00e9dit l&rsquo;actuel pr\u00e9sident de l&rsquo;Amicale du handball oranais.<\/strong><\/em><\/p>\n<\/blockquote>\n<hr\/>\n<h3>Lire aussi:\u00a0<a href=\"http:\/\/www.aps.dz\/sport\/100056-hand-can-2020-l-algerie-vise-la-qualification-au-mondial-egyptien\" target=\"_blank\" rel=\"noopener noreferrer\">Hand\/CAN-2020: l&rsquo;Alg\u00e9rie vise la qualification au Mondial \u00e9gyptien<\/a><\/h3>\n<hr\/>\n<p>Son ancien co\u00e9quipier en \u00e9quipe nationale et la glorieuse \u00e9quipe du MC Oran des ann\u00e9es 1980, en l&rsquo;occurrence Abdelkrim Bendjemil, est presque du m\u00eame avis, m\u00eame si ce dernier juge \u00ab\u00a0insuffisants\u00a0\u00bb les pr\u00e9paratifs de la bande \u00e0 l&rsquo;entra\u00eeneur fran\u00e7ais Alain Portes.<\/p>\n<p>\u00ab\u00a0J&rsquo;aurais souhait\u00e9 que notre s\u00e9lection d\u00e9bute un peu plus t\u00f4t la pr\u00e9paration de ce rendez-vous. D&rsquo;ailleurs, m\u00eame le nouvel entra\u00eeneur national a fait cette remarque. Je ne comprends pas pourquoi l&rsquo;on n&rsquo;assure pas une pr\u00e9paration continue \u00e0 nos diff\u00e9rentes s\u00e9lections, et attendre toujours l&rsquo;approche des comp\u00e9titions officielles pour retrousser les manches\u00a0\u00bb, a-t-il d\u00e9plor\u00e9.<\/p>\n<p>Malgr\u00e9 cela, Bendjemil s&rsquo;attend \u00e0 une participation bien meilleure des co\u00e9quipiers de Berkous sur le sol tunisien par rapport \u00e0 la pr\u00e9c\u00e9dente \u00e9dition de la m\u00eame \u00e9preuve que l&rsquo;\u00e9quipe avait termin\u00e9e \u00e0 la sixi\u00e8me place.<\/p>\n<blockquote readability=\"8\">\n<p><em><strong>\u00ab\u00a0Nous avons tous les moyens pour terminer \u00e0 la troisi\u00e8me place qui serait \u00e0 mon avis une position honorable pour notre handball au vu de la conjoncture tr\u00e8s difficile qu&rsquo;il est en train de traverser depuis plusieurs ann\u00e9es\u00a0\u00bb, a-t-il indiqu\u00e9.<\/strong><\/em><\/p>\n<\/blockquote>\n<p>\u00ab\u00a0Concernant l&rsquo;\u00e9ventualit\u00e9 de briguer une place pour les prochains JO, honn\u00eatement ce sera tr\u00e8s difficile, pour ne pas dire impossible, surtout en pr\u00e9sence de la Tunisie et l&rsquo;Egypte qui nous ont beaucoup devanc\u00e9s dans cette discipline\u00a0\u00bb, a encore estim\u00e9 l&rsquo;actuel pr\u00e9sident du CSA les \u00ab\u00a0Castors\u00a0\u00bb d&rsquo;Oran.<\/p>\n<\/div>\n<p>Auteur:<br \/>\n<a href=\"http:\/\/www.aps.dz\/sport\/100162-hand-can-2020-la-qualification-de-l-algerie-au-mondial-est-largement-a-sa-portee?utm_source=feedburner&#038;utm_medium=feed&#038;utm_campaign=Feed%3A+aps-sport+%28APS+-+SPORT%29\">Cliquez ici pour lire l&rsquo;article depuis sa source.<\/a><\/p>\n","protected":false},"excerpt":{"rendered":"<p>ORAN &#8211; Les deux anciennes gloires du handball alg\u00e9rien, Mustapha Dobala et Abdelkrim Bendjemil, ont estim\u00e9 mercredi que la qualification des \u00ab\u00a0Verts\u00a0\u00bb au prochain Championnat du monde est \u00ab\u00a0largement \u00e0 leur port\u00e9e, contrairement \u00e0 la course \u00e0 la qualification aux Jeux olympiques de 2020 \u00e0 Tokyo\u00a0\u00bb. La s\u00e9lection alg\u00e9rienne entame, jeudi, son aventure en Coupe [&hellip;]<\/p>\n","protected":false},"author":1790,"featured_media":0,"comment_status":"closed","ping_status":"closed","sticky":false,"template":"","format":"standard","meta":{"fifu_image_url":"","fifu_image_alt":"","footnotes":""},"categories":[53,75],"tags":[],"class_list":["post-73129","post","type-post","status-publish","format-standard","hentry","category-algerie","category-sport"],"_links":{"self":[{"href":"https:\/\/linitiative.ca\/International\/wp-json\/wp\/v2\/posts\/73129","targetHints":{"allow":["GET"]}}],"collection":[{"href":"https:\/\/linitiative.ca\/International\/wp-json\/wp\/v2\/posts"}],"about":[{"href":"https:\/\/linitiative.ca\/International\/wp-json\/wp\/v2\/types\/post"}],"author":[{"embeddable":true,"href":"https:\/\/linitiative.ca\/International\/wp-json\/wp\/v2\/users\/1790"}],"replies":[{"embeddable":true,"href":"https:\/\/linitiative.ca\/International\/wp-json\/wp\/v2\/comments?post=73129"}],"version-history":[{"count":0,"href":"https:\/\/linitiative.ca\/International\/wp-json\/wp\/v2\/posts\/73129\/revisions"}],"wp:attachment":[{"href":"https:\/\/linitiative.ca\/International\/wp-json\/wp\/v2\/media?parent=73129"}],"wp:term":[{"taxonomy":"category","embeddable":true,"href":"https:\/\/linitiative.ca\/International\/wp-json\/wp\/v2\/categories?post=73129"},{"taxonomy":"post_tag","embeddable":true,"href":"https:\/\/linitiative.ca\/International\/wp-json\/wp\/v2\/tags?post=73129"}],"curies":[{"name":"wp","href":"https:\/\/api.w.org\/{rel}","templated":true}]}}