{"id":73134,"date":"2020-01-15T10:17:00","date_gmt":"2020-01-15T15:17:00","guid":{"rendered":"https:\/\/linitiative.ca\/International\/asphyxie-au-gaz-carbonique-3-morts-a-setif-et-tebessa-en-24-heures\/"},"modified":"2020-01-15T10:17:00","modified_gmt":"2020-01-15T15:17:00","slug":"asphyxie-au-gaz-carbonique-3-morts-a-setif-et-tebessa-en-24-heures","status":"publish","type":"post","link":"https:\/\/linitiative.ca\/International\/asphyxie-au-gaz-carbonique-3-morts-a-setif-et-tebessa-en-24-heures\/","title":{"rendered":"ASPHYXIE AU GAZ CARBONIQUE  : 3 morts \u00e0 S\u00e9tif et T\u00e9bessa en 24 heures"},"content":{"rendered":"<p><br id=\"sep_para_1\" class=\"sep_para access\"\/><\/p>\n<div id=\"para_1\" class=\"para_35007741 resize\">\n<div class=\"texte access firstletter\">Trois personnes sont d\u00e9c\u00e9d\u00e9es asphyxi\u00e9es par le monoxyde de carbone \u00e9manant d&rsquo;appareils de chauffage durant les derni\u00e8res 24 heures dans les wilayas de S\u00e9tif et T\u00e9bessa, selon un bilan \u00e9tabli mercredi par les services de la Protection civile. Dans la wilaya de S\u00e9tif, deux personnes ont p\u00e9ri suite \u00e0 l\u2019utilisation d\u2019un chauffage \u00e0 l\u2019int\u00e9rieur de leur habitation situ\u00e9e \u00e0 la cit\u00e9 Boudan Athmane, dans la commune de Tachouda. La troisi\u00e8me personne est d\u00e9c\u00e9d\u00e9e suite \u00e0 l\u2019utilisation d\u2019un appareil de cuisine \u00e0 l\u2019int\u00e9rieur de son domicile \u00e0 la cite 59 logements, commune de Bir El Ater (wilaya de T\u00e9bessa). Les caract\u00e9ristiques du monoxyde de carbone font de lui un poison redoutablement discret, qui agit le plus souvent dans les habitations, principalement en hiver, note la Protection civile, appelant les citoyens \u00e0 faire preuve de vigilance durant les p\u00e9riodes de la baisse des temp\u00e9ratures.\u00a0\u00a0\u00a0\u00a0\u00a0\u00a0\u00a0\u00a0\u00a0\u00a0<\/div>\n<\/div>\n<p>Auteur: Nadine<br \/>\n<a href=\"https:\/\/www.reflexiondz.net\/ASPHYXIE-AU-GAZ-CARBONIQUE-3-morts-a-Setif-et-Tebessa-en-24-heures_a60022.html\">Cliquez ici pour lire l&rsquo;article depuis sa source.<\/a><\/p>\n","protected":false},"excerpt":{"rendered":"<p>Trois personnes sont d\u00e9c\u00e9d\u00e9es asphyxi\u00e9es par le monoxyde de carbone \u00e9manant d&rsquo;appareils de chauffage durant les derni\u00e8res 24 heures dans les wilayas de S\u00e9tif et T\u00e9bessa, selon un bilan \u00e9tabli mercredi par les services de la Protection civile. Dans la wilaya de S\u00e9tif, deux personnes ont p\u00e9ri suite \u00e0 l\u2019utilisation d\u2019un chauffage \u00e0 l\u2019int\u00e9rieur de [&hellip;]<\/p>\n","protected":false},"author":1740,"featured_media":0,"comment_status":"closed","ping_status":"closed","sticky":false,"template":"","format":"standard","meta":{"fifu_image_url":"","fifu_image_alt":"","footnotes":""},"categories":[53,76],"tags":[],"class_list":["post-73134","post","type-post","status-publish","format-standard","hentry","category-algerie","category-regions"],"_links":{"self":[{"href":"https:\/\/linitiative.ca\/International\/wp-json\/wp\/v2\/posts\/73134","targetHints":{"allow":["GET"]}}],"collection":[{"href":"https:\/\/linitiative.ca\/International\/wp-json\/wp\/v2\/posts"}],"about":[{"href":"https:\/\/linitiative.ca\/International\/wp-json\/wp\/v2\/types\/post"}],"author":[{"embeddable":true,"href":"https:\/\/linitiative.ca\/International\/wp-json\/wp\/v2\/users\/1740"}],"replies":[{"embeddable":true,"href":"https:\/\/linitiative.ca\/International\/wp-json\/wp\/v2\/comments?post=73134"}],"version-history":[{"count":0,"href":"https:\/\/linitiative.ca\/International\/wp-json\/wp\/v2\/posts\/73134\/revisions"}],"wp:attachment":[{"href":"https:\/\/linitiative.ca\/International\/wp-json\/wp\/v2\/media?parent=73134"}],"wp:term":[{"taxonomy":"category","embeddable":true,"href":"https:\/\/linitiative.ca\/International\/wp-json\/wp\/v2\/categories?post=73134"},{"taxonomy":"post_tag","embeddable":true,"href":"https:\/\/linitiative.ca\/International\/wp-json\/wp\/v2\/tags?post=73134"}],"curies":[{"name":"wp","href":"https:\/\/api.w.org\/{rel}","templated":true}]}}