{"id":73135,"date":"2020-01-15T10:19:00","date_gmt":"2020-01-15T15:19:00","guid":{"rendered":"https:\/\/linitiative.ca\/International\/un-proche-de-ghediri-conseiller-de-la-ministre-de-la-culture\/"},"modified":"2020-01-15T10:19:00","modified_gmt":"2020-01-15T15:19:00","slug":"un-proche-de-ghediri-conseiller-de-la-ministre-de-la-culture","status":"publish","type":"post","link":"https:\/\/linitiative.ca\/International\/un-proche-de-ghediri-conseiller-de-la-ministre-de-la-culture\/","title":{"rendered":"Un proche de Ghediri,  conseiller de la ministre de la culture"},"content":{"rendered":"<p><br id=\"sep_para_1\" class=\"sep_para access\"\/><\/p>\n<div id=\"para_1\" class=\"para_35007759 resize\">\n<div class=\"texte access firstletter\">Le journaliste Hmida Ayachi, ex-Directeur de la communication de l\u2019ancien candidat \u00e0 la pr\u00e9sidentielle, le g\u00e9n\u00e9ral \u00e0 la retraite, actuellement incarc\u00e9r\u00e9, Ali Ghediri, a rejoint le staff de la ministre de la culture Malika Boudouda dont il sera le conseiller. Il l\u2019a lui m\u00eame annonc\u00e9 sur son compte Facebook. \u00ab J\u2019ai paraph\u00e9 ce mardi, 14 janvier 2020, mon contrat comme conseiller aupr\u00e8s de Mme la ministre de la culture Malika Boudouda \u00bb a-t-il, d\u2019ailleurs, \u00e9crit dans un post sur son compte Facebook. \u00ab Ma mission est de participer \u00e0 la cr\u00e9ation d\u2019un climat et des conditions nouvelles pour la pratique culturelle bas\u00e9e sur la transparence et la lutte contre la m\u00e9diocrit\u00e9, une moralisation du secteur culturel et artistique \u00bb pr\u00e9cise, entre autres, Hmida Ayachi dans sa publication. Rappelons que Hmida Ayachi avait jet\u00e9 l\u2019\u00e9ponge et s\u2019est retir\u00e9 de la campagne pr\u00e9sidentielle du G\u00e9n\u00e9ral quelques jours avant le d\u00e9p\u00f4t du dossier de candidature. Le d\u00e9part de Hmida Layachi de son poste de Directeur de la communication du candidat \u00e0 la pr\u00e9sidentielle Ali Ghediri, a r\u00e9v\u00e9l\u00e9 au grand jour les d\u00e9faillances de communication au sein de la direction de campagne de l\u2019ex g\u00e9n\u00e9ral candidat \u00e0 la pr\u00e9sidentielle 2019. Dans un communiqu\u00e9, Hmida Layachi avait justifi\u00e9 sa d\u00e9cision par le non-respect du principe de professionnalisme dans l\u2019attribution d\u2019interviews. D\u2019apr\u00e8s Hmida Layachi, Ali Ghediri aurait en effet donn\u00e9 un entretien sans l\u2019accord de son directeur de la communication. La sortie m\u00e9diatique faisait allusion \u00e0 une d\u00e9claration faite sur Facebook par Ali Ghediri dans son bureau dans laquelle il promet implicitement d\u2019amnistier les souscripteurs \u00e0 des cr\u00e9dits ANSEJ et CNAC. Ce d\u00e9part avait lev\u00e9 le voile sur le malaise dans la direction de communication du candidat Ghediri dans le choix des m\u00e9dias. Depuis son entr\u00e9e dans la course pour la pr\u00e9sidentielle 2019, l\u2019ancien militaire ne s\u2019est exprim\u00e9 que sur des m\u00e9dias \u00e9lectroniques et quelques quotidiens. Contrairement \u00e0 Ghani Mehdi et Rachid Nekkaz, la cellule de communication de Ghediri n\u2019a pas r\u00e9ussi \u00e0 d\u00e9crocher une interview dans une t\u00e9l\u00e9vision de grande audience. Ses sorties sur les cha\u00eenes \u00e9trang\u00e8res et notamment sur France 24, est pass\u00e9e presque inaper\u00e7ue et a \u00e9t\u00e9 m\u00eame d\u00e9pass\u00e9e par le passage sur la m\u00eame cha\u00eene d\u2019Ali Benflis. En s\u2019exprimant contre le pouvoir et contre l\u2019opposition, Ali Ghediri s\u2019est mis \u00e0 dos tout le monde et il est devenu plus que jamais seul dans cette course \u00e0 la pr\u00e9sidentielle d\u2019avril 2019.<\/div>\n<\/div>\n<p>Auteur: R\u00e9flexion<br \/>\n<a href=\"https:\/\/www.reflexiondz.net\/Un-proche-de-Ghediri-conseiller-de-la-ministre-de-la-culture_a60026.html\">Cliquez ici pour lire l&rsquo;article depuis sa source.<\/a><\/p>\n","protected":false},"excerpt":{"rendered":"<p>Le journaliste Hmida Ayachi, ex-Directeur de la communication de l\u2019ancien candidat \u00e0 la pr\u00e9sidentielle, le g\u00e9n\u00e9ral \u00e0 la retraite, actuellement incarc\u00e9r\u00e9, Ali Ghediri, a rejoint le staff de la ministre de la culture Malika Boudouda dont il sera le conseiller. Il l\u2019a lui m\u00eame annonc\u00e9 sur son compte Facebook. \u00ab J\u2019ai paraph\u00e9 ce mardi, 14 [&hellip;]<\/p>\n","protected":false},"author":1740,"featured_media":0,"comment_status":"closed","ping_status":"closed","sticky":false,"template":"","format":"standard","meta":{"fifu_image_url":"","fifu_image_alt":"","footnotes":""},"categories":[53,76],"tags":[],"class_list":["post-73135","post","type-post","status-publish","format-standard","hentry","category-algerie","category-regions"],"_links":{"self":[{"href":"https:\/\/linitiative.ca\/International\/wp-json\/wp\/v2\/posts\/73135","targetHints":{"allow":["GET"]}}],"collection":[{"href":"https:\/\/linitiative.ca\/International\/wp-json\/wp\/v2\/posts"}],"about":[{"href":"https:\/\/linitiative.ca\/International\/wp-json\/wp\/v2\/types\/post"}],"author":[{"embeddable":true,"href":"https:\/\/linitiative.ca\/International\/wp-json\/wp\/v2\/users\/1740"}],"replies":[{"embeddable":true,"href":"https:\/\/linitiative.ca\/International\/wp-json\/wp\/v2\/comments?post=73135"}],"version-history":[{"count":0,"href":"https:\/\/linitiative.ca\/International\/wp-json\/wp\/v2\/posts\/73135\/revisions"}],"wp:attachment":[{"href":"https:\/\/linitiative.ca\/International\/wp-json\/wp\/v2\/media?parent=73135"}],"wp:term":[{"taxonomy":"category","embeddable":true,"href":"https:\/\/linitiative.ca\/International\/wp-json\/wp\/v2\/categories?post=73135"},{"taxonomy":"post_tag","embeddable":true,"href":"https:\/\/linitiative.ca\/International\/wp-json\/wp\/v2\/tags?post=73135"}],"curies":[{"name":"wp","href":"https:\/\/api.w.org\/{rel}","templated":true}]}}