{"id":73136,"date":"2020-01-15T10:19:00","date_gmt":"2020-01-15T15:19:00","guid":{"rendered":"https:\/\/linitiative.ca\/International\/hassan-hammar-lourdement-condamne\/"},"modified":"2020-01-15T10:19:00","modified_gmt":"2020-01-15T15:19:00","slug":"hassan-hammar-lourdement-condamne","status":"publish","type":"post","link":"https:\/\/linitiative.ca\/International\/hassan-hammar-lourdement-condamne\/","title":{"rendered":"Hassan Hammar lourdement condamn\u00e9"},"content":{"rendered":"<p><br id=\"sep_para_1\" class=\"sep_para access\"\/><\/p>\n<div id=\"para_1\" class=\"para_35007767 resize\">\n<div class=\"texte access firstletter\">L\u2019ancien pr\u00e9sident de l\u2019ES S\u00e9tif, Hassan Hammar, a \u00e9t\u00e9 condamn\u00e9, ce mardi, \u00e0 trois ans de prison ferme par la Cour de justice de S\u00e9tif. Hassan Hammar est accus\u00e9 pour \u00ab faux et usage de faux dans des documents sous-seing priv\u00e9 \u00bb et \u00ab escroquerie \u00bb. Une autre affaire dans laquelle Hassan Hammar est poursuivi pour \u00ab abus de confiance \u00bb et \u00ab d\u00e9tournement de deniers priv\u00e9s \u00bb a \u00e9t\u00e9 report\u00e9e, par la cour, au 19 janvier. Lors de son examen en premi\u00e8re instance, Hammar avait \u00e9cop\u00e9 de 5 ans de prison ferme.<\/div>\n<\/div>\n<p>Auteur: R\u00e9flexion<br \/>\n<a href=\"https:\/\/www.reflexiondz.net\/Hassan-Hammar-lourdement-condamne_a60028.html\">Cliquez ici pour lire l&rsquo;article depuis sa source.<\/a><\/p>\n","protected":false},"excerpt":{"rendered":"<p>L\u2019ancien pr\u00e9sident de l\u2019ES S\u00e9tif, Hassan Hammar, a \u00e9t\u00e9 condamn\u00e9, ce mardi, \u00e0 trois ans de prison ferme par la Cour de justice de S\u00e9tif. Hassan Hammar est accus\u00e9 pour \u00ab faux et usage de faux dans des documents sous-seing priv\u00e9 \u00bb et \u00ab escroquerie \u00bb. Une autre affaire dans laquelle Hassan Hammar est poursuivi [&hellip;]<\/p>\n","protected":false},"author":1740,"featured_media":0,"comment_status":"closed","ping_status":"closed","sticky":false,"template":"","format":"standard","meta":{"fifu_image_url":"","fifu_image_alt":"","footnotes":""},"categories":[53,76],"tags":[],"class_list":["post-73136","post","type-post","status-publish","format-standard","hentry","category-algerie","category-regions"],"_links":{"self":[{"href":"https:\/\/linitiative.ca\/International\/wp-json\/wp\/v2\/posts\/73136","targetHints":{"allow":["GET"]}}],"collection":[{"href":"https:\/\/linitiative.ca\/International\/wp-json\/wp\/v2\/posts"}],"about":[{"href":"https:\/\/linitiative.ca\/International\/wp-json\/wp\/v2\/types\/post"}],"author":[{"embeddable":true,"href":"https:\/\/linitiative.ca\/International\/wp-json\/wp\/v2\/users\/1740"}],"replies":[{"embeddable":true,"href":"https:\/\/linitiative.ca\/International\/wp-json\/wp\/v2\/comments?post=73136"}],"version-history":[{"count":0,"href":"https:\/\/linitiative.ca\/International\/wp-json\/wp\/v2\/posts\/73136\/revisions"}],"wp:attachment":[{"href":"https:\/\/linitiative.ca\/International\/wp-json\/wp\/v2\/media?parent=73136"}],"wp:term":[{"taxonomy":"category","embeddable":true,"href":"https:\/\/linitiative.ca\/International\/wp-json\/wp\/v2\/categories?post=73136"},{"taxonomy":"post_tag","embeddable":true,"href":"https:\/\/linitiative.ca\/International\/wp-json\/wp\/v2\/tags?post=73136"}],"curies":[{"name":"wp","href":"https:\/\/api.w.org\/{rel}","templated":true}]}}