{"id":73137,"date":"2020-01-15T10:19:00","date_gmt":"2020-01-15T15:19:00","guid":{"rendered":"https:\/\/linitiative.ca\/International\/khelassi-et-ounoughi-nommes-conseillers-de-belhimer\/"},"modified":"2020-01-15T10:19:00","modified_gmt":"2020-01-15T15:19:00","slug":"khelassi-et-ounoughi-nommes-conseillers-de-belhimer","status":"publish","type":"post","link":"https:\/\/linitiative.ca\/International\/khelassi-et-ounoughi-nommes-conseillers-de-belhimer\/","title":{"rendered":"Khelassi et Ounoughi, nomm\u00e9s conseillers de Belhimer"},"content":{"rendered":"<p><br id=\"sep_para_1\" class=\"sep_para access\"\/><\/p>\n<div id=\"para_1\" class=\"para_35007761 resize\">\n<div class=\"texte access firstletter\">Le nouveau ministre de la communication, Amar Belhimer, a proc\u00e9d\u00e9 ces derniers jours \u00e0 la formation de son staff. Pour ce faire, le ministre de la communication Amar Belhimer a fait appel \u00e0 Noureddine Khelassi et Larbi Ounoughi. Les deux journalistes ont \u00e9t\u00e9 nomm\u00e9s conseiller aupr\u00e8s du ministre de la communication, avons-nous appris de sources s\u00fbres. Ces derniers jours les nominations se sont encha\u00een\u00e9es au minist\u00e8re de la communication.\u00a0 Fethi Sa\u00efdi, Assia Baz, et Mohamed Louber ont \u00e9t\u00e9 respectivement \u00e9t\u00e9 nomm\u00e9s \u00e0 la t\u00eate de l\u2019Entreprise publique de la t\u00e9l\u00e9vision, l\u2019agence nationale de l\u2019\u00e9dition et de la publicit\u00e9, l\u2019autorit\u00e9 de r\u00e9gulation de l\u2019audiovisuel.<\/div>\n<\/div>\n<p>Auteur: R\u00e9flexion<br \/>\n<a href=\"https:\/\/www.reflexiondz.net\/Khelassi-et-Ounoughi-nommes-conseillers-de-Belhimer_a60027.html\">Cliquez ici pour lire l&rsquo;article depuis sa source.<\/a><\/p>\n","protected":false},"excerpt":{"rendered":"<p>Le nouveau ministre de la communication, Amar Belhimer, a proc\u00e9d\u00e9 ces derniers jours \u00e0 la formation de son staff. Pour ce faire, le ministre de la communication Amar Belhimer a fait appel \u00e0 Noureddine Khelassi et Larbi Ounoughi. Les deux journalistes ont \u00e9t\u00e9 nomm\u00e9s conseiller aupr\u00e8s du ministre de la communication, avons-nous appris de sources [&hellip;]<\/p>\n","protected":false},"author":1740,"featured_media":0,"comment_status":"closed","ping_status":"closed","sticky":false,"template":"","format":"standard","meta":{"fifu_image_url":"","fifu_image_alt":"","footnotes":""},"categories":[53,76],"tags":[],"class_list":["post-73137","post","type-post","status-publish","format-standard","hentry","category-algerie","category-regions"],"_links":{"self":[{"href":"https:\/\/linitiative.ca\/International\/wp-json\/wp\/v2\/posts\/73137","targetHints":{"allow":["GET"]}}],"collection":[{"href":"https:\/\/linitiative.ca\/International\/wp-json\/wp\/v2\/posts"}],"about":[{"href":"https:\/\/linitiative.ca\/International\/wp-json\/wp\/v2\/types\/post"}],"author":[{"embeddable":true,"href":"https:\/\/linitiative.ca\/International\/wp-json\/wp\/v2\/users\/1740"}],"replies":[{"embeddable":true,"href":"https:\/\/linitiative.ca\/International\/wp-json\/wp\/v2\/comments?post=73137"}],"version-history":[{"count":0,"href":"https:\/\/linitiative.ca\/International\/wp-json\/wp\/v2\/posts\/73137\/revisions"}],"wp:attachment":[{"href":"https:\/\/linitiative.ca\/International\/wp-json\/wp\/v2\/media?parent=73137"}],"wp:term":[{"taxonomy":"category","embeddable":true,"href":"https:\/\/linitiative.ca\/International\/wp-json\/wp\/v2\/categories?post=73137"},{"taxonomy":"post_tag","embeddable":true,"href":"https:\/\/linitiative.ca\/International\/wp-json\/wp\/v2\/tags?post=73137"}],"curies":[{"name":"wp","href":"https:\/\/api.w.org\/{rel}","templated":true}]}}