{"id":73138,"date":"2020-01-15T13:33:00","date_gmt":"2020-01-15T18:33:00","guid":{"rendered":"https:\/\/linitiative.ca\/International\/les-imams-demandent-une-augmentation-de-salaire\/"},"modified":"2020-01-15T13:33:00","modified_gmt":"2020-01-15T18:33:00","slug":"les-imams-demandent-une-augmentation-de-salaire","status":"publish","type":"post","link":"https:\/\/linitiative.ca\/International\/les-imams-demandent-une-augmentation-de-salaire\/","title":{"rendered":"Les imams demandent une augmentation de salaire !"},"content":{"rendered":"<p><br id=\"sep_para_1\" class=\"sep_para access\"\/><\/p>\n<div id=\"para_1\" class=\"para_35012231 resize\">\n<div class=\"photo shadow left\"><a href=\"javascript:void(0)\" rel=\"https:\/\/www.reflexiondz.net\/photo\/art\/grande\/41802975-35012231.jpg?v=1579114487&#038;ibox\" title=\"Les imams demandent une augmentation de salaire !\"><img decoding=\"async\" class=\"responsive c9\" src=\"https:\/\/www.reflexiondz.net\/photo\/art\/grande\/41802975-35012231.jpg?v=1579114487\" alt=\"Les imams demandent une augmentation de salaire !\" title=\"Les imams demandent une augmentation de salaire !\"\/><img decoding=\"async\" class=\"not-responsive\" src=\"https:\/\/www.reflexiondz.net\/photo\/art\/default\/41802975-35012231.jpg?v=1579114487\" alt=\"Les imams demandent une augmentation de salaire !\" title=\"Les imams demandent une augmentation de salaire !\"\/><\/a><\/div>\n<div class=\"texte access firstletter\">Le Conseil national autonome des imams (CNAI) a accord\u00e9 un ultimatum de trois mois \u00e0 leur tutelle pour satisfaire leurs revendications, essentiellement l\u2019augmentation de leurs salaires \u00e0 hauteur de 50 000 dinars (5 millions de centimes) rapporte Echorouk News. \u00c0 d\u00e9faut d\u2019une r\u00e9ponse favorable, ils menacent de recourir \u00e0 des actions de contestation \u00e0 travers tout le pays. En effet, selon la m\u00eame source, Djamel Ghoul, pr\u00e9sident du CNAI a soulign\u00e9 ce mercredi, dans une d\u00e9claration, qu\u2019un imam doit \u00eatre r\u00e9mun\u00e9r\u00e9 au m\u00eame titre qu\u2019un salari\u00e9 de la fonction publique soit 50 000 dinars, ajoutant que le ministre avait avou\u00e9 que les imams percevaient des salaires d\u00e9risoires. Ainsi, le pr\u00e9sident du Conseil a demand\u00e9 au minist\u00e8re des Affaires religieuses de revaloriser le statut particulier de l\u2019imam en fonction des dipl\u00f4mes et de permettre des promotions dans ce corps. Djamel Ghoul a r\u00e9clam\u00e9 par ailleurs la lev\u00e9e du gel de recrutement dans le secteur, l\u2019ouverture de 68 000 postes \u00e0 pourvoir de mani\u00e8re \u00e0 mettre fin au probl\u00e8me d\u2019encadrement, r\u00e9v\u00e9lant que la moiti\u00e9 des mosqu\u00e9es du pays manquent d\u2019encadrement. \u00abLa tutelle est sollicit\u00e9e de prendre en charge nos pr\u00e9occupations dans les trois mois qui suivent avant de renouer avec la contestation\u00bb, a-t-il insist\u00e9.<\/div>\n<\/div>\n<p>Auteur: R\u00e9flexion<br \/>\n<a href=\"https:\/\/www.reflexiondz.net\/Les-imams-demandent-une-augmentation-de-salaire-_a60029.html\">Cliquez ici pour lire l&rsquo;article depuis sa source.<\/a><\/p>\n","protected":false},"excerpt":{"rendered":"<p>Le Conseil national autonome des imams (CNAI) a accord\u00e9 un ultimatum de trois mois \u00e0 leur tutelle pour satisfaire leurs revendications, essentiellement l\u2019augmentation de leurs salaires \u00e0 hauteur de 50 000 dinars (5 millions de centimes) rapporte Echorouk News. \u00c0 d\u00e9faut d\u2019une r\u00e9ponse favorable, ils menacent de recourir \u00e0 des actions de contestation \u00e0 travers [&hellip;]<\/p>\n","protected":false},"author":1740,"featured_media":0,"comment_status":"closed","ping_status":"closed","sticky":false,"template":"","format":"standard","meta":{"fifu_image_url":"","fifu_image_alt":"","footnotes":""},"categories":[53,76],"tags":[],"class_list":["post-73138","post","type-post","status-publish","format-standard","hentry","category-algerie","category-regions"],"_links":{"self":[{"href":"https:\/\/linitiative.ca\/International\/wp-json\/wp\/v2\/posts\/73138","targetHints":{"allow":["GET"]}}],"collection":[{"href":"https:\/\/linitiative.ca\/International\/wp-json\/wp\/v2\/posts"}],"about":[{"href":"https:\/\/linitiative.ca\/International\/wp-json\/wp\/v2\/types\/post"}],"author":[{"embeddable":true,"href":"https:\/\/linitiative.ca\/International\/wp-json\/wp\/v2\/users\/1740"}],"replies":[{"embeddable":true,"href":"https:\/\/linitiative.ca\/International\/wp-json\/wp\/v2\/comments?post=73138"}],"version-history":[{"count":0,"href":"https:\/\/linitiative.ca\/International\/wp-json\/wp\/v2\/posts\/73138\/revisions"}],"wp:attachment":[{"href":"https:\/\/linitiative.ca\/International\/wp-json\/wp\/v2\/media?parent=73138"}],"wp:term":[{"taxonomy":"category","embeddable":true,"href":"https:\/\/linitiative.ca\/International\/wp-json\/wp\/v2\/categories?post=73138"},{"taxonomy":"post_tag","embeddable":true,"href":"https:\/\/linitiative.ca\/International\/wp-json\/wp\/v2\/tags?post=73138"}],"curies":[{"name":"wp","href":"https:\/\/api.w.org\/{rel}","templated":true}]}}