{"id":73139,"date":"2020-01-15T08:30:00","date_gmt":"2020-01-15T13:30:00","guid":{"rendered":"https:\/\/linitiative.ca\/International\/consultations-politiques-tebboune-recoit-youcef-khatib\/"},"modified":"2020-01-15T08:30:00","modified_gmt":"2020-01-15T13:30:00","slug":"consultations-politiques-tebboune-recoit-youcef-khatib","status":"publish","type":"post","link":"https:\/\/linitiative.ca\/International\/consultations-politiques-tebboune-recoit-youcef-khatib\/","title":{"rendered":"Consultations politiques : Tebboune re\u00e7oit Youcef Khatib"},"content":{"rendered":"<p><span class=\"c2\">M.D.<\/span><\/p>\n<div readability=\"73\">\n<p>Le pr\u00e9sident de la R\u00e9publique, Abdelmadjid Tebboune a re\u00e7u, ced mercredi\u00a0\u00e0 Alger, le moudjahid Dr Youcef Khatib, dit \u00ab\u00a0colonel Hassan\u00a0\u00bb, chef de la Wilaya IV historique, et ce dans le cadre de la s\u00e9rie de consultations sur la situation globale du pays et la r\u00e9vision de la Constitution, indique un communiqu\u00e9 de la Pr\u00e9sidence de la R\u00e9publique.<br \/>\u00ab\u00a0Dans le cadre des consultations sur la situation globale du pays et la r\u00e9vision de la Constitution, pierre angulaire dans le processus d\u2019\u00e9dification de la nouvelle R\u00e9publique, le Pr\u00e9sident de la R\u00e9publique, M.\u00a0Abdelmadjid Tebboune a re\u00e7u, mercredi 15 janvier 2020, le moudjahid Dr Youcef Khatib, chef de la Wilaya IV historique\u00a0\u00bb, pr\u00e9cise la m\u00eame source.<br \/>Lors de cette rencontre, les deux parties \u00ab\u00a0ont \u00e9chang\u00e9 les vues sur les moyens les plus ad\u00e9quats pour ne jamais d\u00e9vier de la D\u00e9claration du 1er Novembre, sous peine d\u2019\u00eatre \u00e9branl\u00e9s par les facteurs de la division et de la faiblesse, avait indiqu\u00e9 le Pr\u00e9sident Tebboune dans son discours de prestation de serment\u00a0\u00bb, a ajout\u00e9 la m\u00eame source.<br \/>De son c\u00f4t\u00e9, le Dr Youcef Khatib a affich\u00e9 \u00ab\u00a0un int\u00e9r\u00eat particulier pour le volet relatif \u00e0 l\u2019\u00e9criture de l\u2019histoire afin de contribuer \u00e0 la pr\u00e9servation de la m\u00e9moire collective du peuple alg\u00e9rien et exprim\u00e9 quelques avis et propositions pour garantir un meilleur avenir aux g\u00e9n\u00e9rations futures dans le cadre de la nouvelle R\u00e9publique\u00a0\u00bb, a conclu le communiqu\u00e9.<br \/>Par ailleurs, dans le m\u00eame contexte, le pr\u00e9sident de la R\u00e9publique, a re\u00e7u, ce mardi \u00e0 Alger, l\u2019ancien coordonnateur de l\u2019Instance nationale de dialogue et de m\u00e9diation (INDM), M.\u00a0Karim Younes.<br \/>Le chef de l\u2019Etat et M.\u00a0Karim Younes \u00ab\u00a0ont \u00e9chang\u00e9 leurs vues sur la situation g\u00e9n\u00e9rale du pays, entr\u00e9 dans une phase de changement \u00e0 la faveur des consultations en cours sur l\u2019amendement de la Constitution visant \u00e0 l\u2019adapter aux revendications populaires, \u00e0 instaurer une v\u00e9ritable s\u00e9paration des pouvoirs et \u00e0 conf\u00e9rer l\u2019harmonie \u00e0 l\u2019action des institutions dans le cadre d\u2019une vision d\u00e9mocratique globale pour la r\u00e9forme de l\u2019Etat, avec tous ses d\u00e9membrements et institutions\u00a0\u00bb, pr\u00e9cise un communiqu\u00e9 de la pr\u00e9sidence.<br \/>Pour M.\u00a0Karim Younes, \u00ab\u00a0la concertation, l\u2019\u00e9coute et le recoupement des avis des diff\u00e9rents acteurs avant la pr\u00e9sentation des propositions et observations au Panel d\u2019experts en charge de l\u2019\u00e9laboration de la mouture finale de la Constitution, est une proc\u00e9dure pertinente et judicieuse, par laquelle le Pr\u00e9sident de la R\u00e9publique ouvre le champ du renouveau, en alliant l\u2019exp\u00e9rience de la soci\u00e9t\u00e9 civile \u00e0 celle de la classe politique\u00a0\u00bb, pr\u00e9cise la m\u00eame source.<br \/>En outre, M.\u00a0Karim Younes \u00ab\u00a0a donn\u00e9 son avis sur les moyens d\u2019appuyer ces efforts pour construire l\u2019avenir dans le cadre de la nouvelle R\u00e9publique\u00a0\u00bb, conclut le communiqu\u00e9.<\/p>\n<\/div>\n<p>Auteur: Boudjedri<br \/>\n<a href=\"http:\/\/www.jeune-independant.net\/Consultations-politiques-Tebboune.html\">Cliquez ici pour lire l&rsquo;article depuis sa source.<\/a><\/p>\n","protected":false},"excerpt":{"rendered":"<p>M.D. Le pr\u00e9sident de la R\u00e9publique, Abdelmadjid Tebboune a re\u00e7u, ced mercredi\u00a0\u00e0 Alger, le moudjahid Dr Youcef Khatib, dit \u00ab\u00a0colonel Hassan\u00a0\u00bb, chef de la Wilaya IV historique, et ce dans le cadre de la s\u00e9rie de consultations sur la situation globale du pays et la r\u00e9vision de la Constitution, indique un communiqu\u00e9 de la Pr\u00e9sidence [&hellip;]<\/p>\n","protected":false},"author":1737,"featured_media":0,"comment_status":"closed","ping_status":"closed","sticky":false,"template":"","format":"standard","meta":{"fifu_image_url":"","fifu_image_alt":"","footnotes":""},"categories":[73,53],"tags":[],"class_list":["post-73139","post","type-post","status-publish","format-standard","hentry","category-actualite","category-algerie"],"_links":{"self":[{"href":"https:\/\/linitiative.ca\/International\/wp-json\/wp\/v2\/posts\/73139","targetHints":{"allow":["GET"]}}],"collection":[{"href":"https:\/\/linitiative.ca\/International\/wp-json\/wp\/v2\/posts"}],"about":[{"href":"https:\/\/linitiative.ca\/International\/wp-json\/wp\/v2\/types\/post"}],"author":[{"embeddable":true,"href":"https:\/\/linitiative.ca\/International\/wp-json\/wp\/v2\/users\/1737"}],"replies":[{"embeddable":true,"href":"https:\/\/linitiative.ca\/International\/wp-json\/wp\/v2\/comments?post=73139"}],"version-history":[{"count":0,"href":"https:\/\/linitiative.ca\/International\/wp-json\/wp\/v2\/posts\/73139\/revisions"}],"wp:attachment":[{"href":"https:\/\/linitiative.ca\/International\/wp-json\/wp\/v2\/media?parent=73139"}],"wp:term":[{"taxonomy":"category","embeddable":true,"href":"https:\/\/linitiative.ca\/International\/wp-json\/wp\/v2\/categories?post=73139"},{"taxonomy":"post_tag","embeddable":true,"href":"https:\/\/linitiative.ca\/International\/wp-json\/wp\/v2\/tags?post=73139"}],"curies":[{"name":"wp","href":"https:\/\/api.w.org\/{rel}","templated":true}]}}