{"id":73141,"date":"2020-01-15T16:09:38","date_gmt":"2020-01-15T21:09:38","guid":{"rendered":"https:\/\/linitiative.ca\/International\/35-voitures-volees-a-annaba-depuis-decembre\/"},"modified":"2020-01-15T16:09:38","modified_gmt":"2020-01-15T21:09:38","slug":"35-voitures-volees-a-annaba-depuis-decembre","status":"publish","type":"post","link":"https:\/\/linitiative.ca\/International\/35-voitures-volees-a-annaba-depuis-decembre\/","title":{"rendered":"35 voitures vol\u00e9es \u00e0 Annaba depuis d\u00e9cembre"},"content":{"rendered":"<p>Quatre r\u00e9seaux de trafiquants de v\u00e9hicules, dont l\u2019un d\u2019eux s\u2019\u00e9tend au-del\u00e0 des fronti\u00e8res du pays, ont \u00e9t\u00e9 d\u00e9mantel\u00e9s ces derniers jours par les services s\u00e9curitaires, a-t-on appris ce mercredi de sources s\u00fbres.<br \/>Ces derni\u00e8res signalent que ce sont les mauvaises conditions climatiques qui ont s\u00e9vi ces derniers temps dans la r\u00e9gion est du pays qui avaient favoris\u00e9 et surtout facilit\u00e9 le vol de ces 35 v\u00e9hicules, et cela depuis la deuxi\u00e8me quinzaine de d\u00e9cembre dernier. Les trafiquants ont profit\u00e9 de ces intemp\u00e9ries pour multiplier leurs coups, allant jusqu\u2019\u00e0 d\u00e9rober deux v\u00e9hicules par jours. Selon la m\u00eame source, le premier r\u00e9seau, d\u00e9mantel\u00e9 il y a seulement trois jours, est constitu\u00e9 de trois individus, des r\u00e9cidivistes issus de Skikda, de Chabia et de Sarouel (Annaba).<br \/>Ces trafiquants activaient dans les r\u00e9gions d\u2019Annaba, de Skikda, de Constantine et de Baraki o\u00f9 les v\u00e9hicules vol\u00e9s \u00e9taient notamment \u00e9coul\u00e9s en pi\u00e8ces d\u00e9tach\u00e9es. Les v\u00e9hicules les plus cibl\u00e9s \u00e9taient ceux des marques Chevrolet, Hyundai (Accent, Atos) ou Renault (Symbole).\u00a0En experts, ces voleurs recouraient toujours au \u2018\u2019naiman\u2019\u2019, un appareil facilitant l\u2019acc\u00e8s au v\u00e9hicule, particuli\u00e8rement ceux de marque Chevrolet. Ils se sont rendus coupables du vol de plusieurs dizaines de voitures qu\u2019ils parviennent \u00e0 \u00e9couler, une fois d\u00e9soss\u00e9es, en empruntant des itin\u00e9raires plus ou moins s\u00e9curis\u00e9s, ou gr\u00e2ce \u00e0 leurs complices \u00e9claireurs qui leur signalaient l\u2019absence ou la pr\u00e9sence de barrage s\u00e9curitaire. Ils ont \u00e9t\u00e9 plac\u00e9s sous mandat de d\u00e9p\u00f4t pour association de malfaiteurs, vol qualifi\u00e9, faux et usage de faux notamment. Le deuxi\u00e8me r\u00e9seau est, quant \u00e0 lui, compos\u00e9 de 7 individus dont trois sont en fuite, et sont originaires de Sarouel (Annaba), A\u00efn M\u2019lila et Batna. Ils activaient dans les wilayas d\u2019Annaba, de Guelma, d\u2019El-Tarf et de Souk-Ahras. Enfin, les deux autres r\u00e9seaux, dont les ramifications s\u2019\u00e9tendent au-del\u00e0 des fronti\u00e8res du pays, comptent cinq trafiquants dont l\u2019un d\u2019eux purge actuellement une peine \u00e0 la prison de Dr\u00e9an (El \u2013Tarf).\u00a0<\/p>\n<p>Auteur: Boudjedri<br \/>\n<a href=\"http:\/\/www.jeune-independant.net\/35-voitures-volees-a-Annaba-depuis.html\">Cliquez ici pour lire l&rsquo;article depuis sa source.<\/a><\/p>\n","protected":false},"excerpt":{"rendered":"<p>Quatre r\u00e9seaux de trafiquants de v\u00e9hicules, dont l\u2019un d\u2019eux s\u2019\u00e9tend au-del\u00e0 des fronti\u00e8res du pays, ont \u00e9t\u00e9 d\u00e9mantel\u00e9s ces derniers jours par les services s\u00e9curitaires, a-t-on appris ce mercredi de sources s\u00fbres.Ces derni\u00e8res signalent que ce sont les mauvaises conditions climatiques qui ont s\u00e9vi ces derniers temps dans la r\u00e9gion est du pays qui avaient [&hellip;]<\/p>\n","protected":false},"author":1737,"featured_media":0,"comment_status":"closed","ping_status":"closed","sticky":false,"template":"","format":"standard","meta":{"fifu_image_url":"","fifu_image_alt":"","footnotes":""},"categories":[73,53],"tags":[],"class_list":["post-73141","post","type-post","status-publish","format-standard","hentry","category-actualite","category-algerie"],"_links":{"self":[{"href":"https:\/\/linitiative.ca\/International\/wp-json\/wp\/v2\/posts\/73141","targetHints":{"allow":["GET"]}}],"collection":[{"href":"https:\/\/linitiative.ca\/International\/wp-json\/wp\/v2\/posts"}],"about":[{"href":"https:\/\/linitiative.ca\/International\/wp-json\/wp\/v2\/types\/post"}],"author":[{"embeddable":true,"href":"https:\/\/linitiative.ca\/International\/wp-json\/wp\/v2\/users\/1737"}],"replies":[{"embeddable":true,"href":"https:\/\/linitiative.ca\/International\/wp-json\/wp\/v2\/comments?post=73141"}],"version-history":[{"count":0,"href":"https:\/\/linitiative.ca\/International\/wp-json\/wp\/v2\/posts\/73141\/revisions"}],"wp:attachment":[{"href":"https:\/\/linitiative.ca\/International\/wp-json\/wp\/v2\/media?parent=73141"}],"wp:term":[{"taxonomy":"category","embeddable":true,"href":"https:\/\/linitiative.ca\/International\/wp-json\/wp\/v2\/categories?post=73141"},{"taxonomy":"post_tag","embeddable":true,"href":"https:\/\/linitiative.ca\/International\/wp-json\/wp\/v2\/tags?post=73141"}],"curies":[{"name":"wp","href":"https:\/\/api.w.org\/{rel}","templated":true}]}}