{"id":73143,"date":"2020-01-15T12:50:00","date_gmt":"2020-01-15T17:50:00","guid":{"rendered":"https:\/\/linitiative.ca\/International\/sabri-bachtobji-un-illustre-citoyen-du-monde-hedi-annabi-une-icone-des-operations-onusiennes-de-maintien-de-la-paix-album-photos\/"},"modified":"2020-01-15T12:50:00","modified_gmt":"2020-01-15T17:50:00","slug":"sabri-bachtobji-un-illustre-citoyen-du-monde-hedi-annabi-une-icone-des-operations-onusiennes-de-maintien-de-la-paix-album-photos","status":"publish","type":"post","link":"https:\/\/linitiative.ca\/International\/sabri-bachtobji-un-illustre-citoyen-du-monde-hedi-annabi-une-icone-des-operations-onusiennes-de-maintien-de-la-paix-album-photos\/","title":{"rendered":"Sabri Bachtobji : Un illustre citoyen du monde, H\u00e9di Annabi, \u00ab une ic\u00f4ne des op\u00e9rations onusiennes de maintien de la paix \u00bb (Album Photos)"},"content":{"rendered":"<p><span class=\"c2\"><strong>Par Sabri Bachtobji, Secr\u00e9taire d&rsquo;Etat charg\u00e9 de la gestion du minist\u00e8re des Affaires \u00e9trang\u00e8res &#8211;<\/strong><\/span> Je souhaite exprimer \u00e0 cette occasion nos vifs remerciements pour M. Diego Zorrila, Coordonnateur R\u00e9sident du Syst\u00e8me des Nations Unies \u00e0 Tunis, et \u00e0 l\u2019Association Tunisienne pour les Nations Unies pour cette marque de consid\u00e9ration \u00e0 l\u2019endroit de cette \u00e9minente personnalit\u00e9 tunisienne, \u00e0 travers l\u2019inauguration d\u2019une salle portant le nom de H\u00e9di Annabi.\u00a0\u00a0\u00a0<\/p>\n<p>Nous c\u00e9l\u00e9brons aujourd\u2019hui la m\u00e9moire d\u2019un \u00ab citoyen du monde \u00bb qui a fait de l\u2019humanitaire une vocation et une passion. En effet, H\u00e9di Annabi s\u2019est initi\u00e9 \u00e0 la chose internationale au sein du Minist\u00e8re des Affaires Etrang\u00e8res et a assum\u00e9, gr\u00e2ce \u00e0 son talent et sa perspicacit\u00e9, de hautes charges au sein de l\u2019administration tunisienne en qualit\u00e9 de conseiller diplomatique du Premier ministre H\u00e9di Nouira ou encore de PDG de l\u2019Agence Tunis Afrique Presse en 1979.<\/p>\n<p class=\"c4\">Mais l\u2019id\u00e9al humanitaire du personnage le destinait \u00e0 un horizon plus large qui s\u2019est concr\u00e9tis\u00e9 en int\u00e9grant l\u2019Organisation des Nations Unies en 1981. Trente ans durant, H\u00e9di Annabi a mis toute son habilit\u00e9 de diplomate et sa comp\u00e9tence de n\u00e9gociateur au service de la paix et de la stabilit\u00e9 dans le monde. Ce d\u00e9vouement lui a valu une nomination aux avant-postes des missions sous-drapeau de l\u2019ONU en Asie du Sud-est, au Cambodge, en Afrique et en Ha\u00efti.\u00a0\u00a0\u00a0<\/p>\n<p class=\"c4\">H\u00e9di Annabi \u00e9tait un homme d\u2019action toujours pr\u00eat \u00e0 prendre l\u2019initiative face au surgissement des crises humanitaires partout dans le monde. Les crises qu\u2019il a eu \u00e0 g\u00e9rer humanitairement, \u00e9taient nombreuses et souvent douloureuses. A chaque fois, il a fait preuve de la m\u00eame \u00e9nergie et du m\u00eame esprit d\u2019abn\u00e9gation car il \u00e9tait convaincu qu\u2019au d\u00e9sordre du monde il fallait un labeur inlassable.\u00a0<\/p>\n<p class=\"c4\">Dix ans apr\u00e8s sa disparition, le combat de feu H\u00e9di Annabi est plus que jamais d\u2019actualit\u00e9. En effet, la prolif\u00e9ration des crises humanitaires aux quatre coins du monde nous interpelle et nous commande de continuer son \u0153uvre.<\/p>\n<p class=\"c4\">La Tunisie, qui a acc\u00e9d\u00e9 pour la 4\u00e8me fois \u00e0 un si\u00e8ge non permanent au Conseil de S\u00e9curit\u00e9 des Nations Unies \u00e0 partir de ce mois, ne manquera pas de rendre hommage au travail de feu H\u00e9di Annabi en pr\u00f4nant le multilat\u00e9ralisme et en promouvant les valeurs de paix, de justice et de solidarit\u00e9.<\/p>\n<p class=\"c4\">Avant de clore, je voudrais exprimer, encore une fois, au nom du Minist\u00e8re des Affaires Etrang\u00e8res, au nom de la Famille de H\u00e9di Annabi ainsi qu\u2019au nom du Gouvernement tunisien, notre grande appr\u00e9ciation pour cette louable initiative du Bureau des Nations Unies \u00e0 Tunis, et pour cette marque de consid\u00e9ration. Je voudrais enfin citer l\u2019ancien Secr\u00e9taire G\u00e9n\u00e9ral des Nations Unies, M. Ban Ki Moon pour qui H\u00e9di Annabi \u00ab \u00e9tait une ic\u00f4ne des op\u00e9rations onusiennes de maintien de la paix \u00bb.<\/p>\n<p class=\"c4\">Il en restera ainsi et toujours dans nos c\u0153urs et dans notre m\u00e9moire collective ici et partout ailleurs.<\/p>\n<p class=\"c5\"><strong>Sabri Bachtobji<\/strong><\/p>\n<p class=\"c4\"><strong>Lire aussi<\/strong><\/p>\n<p class=\"c4\"><a href=\"https:\/\/www.leaders.com.tn\/article\/28870-l-hommage-solennel-de-l-onu-a-feu-hedi-annabi-en-presence-de-mebazaa-ennaceur-morjane-et-bachtobji-album-photos\" target=\"_blank\" rel=\"noopener noreferrer\"><span class=\"c2\"><strong>L\u2019hommage solennel de l\u2019ONU \u00e0 feu H\u00e9di Annabi, en pr\u00e9sence de Mebazaa, Ennaceur, Morjane, et Bachtobji (Album Photos)<\/strong><\/span><\/a><\/p>\n<p class=\"c4\"><a href=\"https:\/\/www.leaders.com.tn\/article\/28877-ahmed-ounaies-president-d-honneur-de-l-association-tunisienne-pour-les-nations-unies\" target=\"_blank\" rel=\"noopener noreferrer\"><span class=\"c2\"><strong>Ahmed Ouna\u00efes : H\u00e9di Annabi avait foi dans la vertu du travail et m\u00e9rite la reconnaissance de la grande famille des Nations Unies (Album Photos)<\/strong><\/span><\/a><\/p>\n<p class=\"c4\"><a href=\"https:\/\/www.leaders.com.tn\/article\/28878-antonio-guterres\" target=\"_blank\" rel=\"noopener noreferrer\"><span class=\"c2\"><strong>Ant\u00f3nio Guterres : H\u00e9di Annabi, l\u2019un des piliers du maintien de la paix des Nations Unies (Album photos)<\/strong><\/span><\/a><\/p>\n<p class=\"c4\"><a href=\"https:\/\/www.leaders.com.tn\/article\/1647-au-siege-de-l-onu-une-minute-de-silence-a-la-memoire-de-hedi-annabi\" target=\"_blank\" rel=\"noopener noreferrer\">Au si\u00e8ge de l&rsquo;ONU : une minute de silence \u00e0 la m\u00e9moire de H\u00e9di Annabi<\/a><br \/><a href=\"https:\/\/www.leaders.com.tn\/article\/1663-hedi-annabi-ceremonie-solennelle-a-l-arrivee-de-la-depouille-a-tunis\" target=\"_blank\" rel=\"noopener noreferrer\">H\u00e9di Annabi: c\u00e9r\u00e9monie solennelle \u00e0 l&rsquo;arriv\u00e9e de la d\u00e9pouille \u00e0 Tunis<\/a><br \/><a href=\"https:\/\/www.leaders.com.tn\/article\/1648-le-representant-permanent-de-la-tunisie-aupres-de-l-onu-hedi-annabi-laisse-un-grand-souvenir\" target=\"_blank\" rel=\"noopener noreferrer\">Le Repr\u00e9sentant Permanent de la Tunisie aupr\u00e8s de l&rsquo;ONU : H\u00e9di Annabi laisse un grand souvenir<\/a><br \/><a href=\"https:\/\/www.leaders.com.tn\/article\/1660-hedi-annabi-funerailles-vendredi-a-tunis\" target=\"_blank\" rel=\"noopener noreferrer\">H\u00e9di Annabi : fun\u00e9railles vendredi \u00e0 Tunis<\/a><br \/><a href=\"https:\/\/www.leaders.com.tn\/article\/1646-en-direct-d-haiti-tout-sur-l-hommage-rendu-a-hedi-annabi\" target=\"_blank\" rel=\"noopener noreferrer\">En direct d&rsquo;Ha\u00efti: tout sur l&rsquo;hommage rendu \u00e0 H\u00e9di Annabi<\/a><br \/><a href=\"https:\/\/www.leaders.com.tn\/article\/1669-hedi-annabi-inhume-au-cimetiere-du-jellaz-a-tunis\" target=\"_blank\" rel=\"noopener noreferrer\">H\u00e9di Annabi inhum\u00e9 au cimeti\u00e8re du Jellaz \u00e0 Tunis<\/a><br \/><a href=\"https:\/\/www.leaders.com.tn\/article\/1602-le-seisme-de-haiti-fait-une-victime-tunisienne-hedi-annabi-representant-special-du-sg-de-l-onu\" target=\"_blank\" rel=\"noopener noreferrer\">Le s\u00e9isme de Haiti fait une victime tunisienne : H\u00e9di Annabi, Repr\u00e9sentant Sp\u00e9cial du SG de l&rsquo;ONU<\/a><br \/><a href=\"https:\/\/www.leaders.com.tn\/article\/3614-une-toile-de-peinture-et-un-poeme-en-epitaphe-pour-hedi-annabi-disparu-il-y-a-un-an-a-haiti\" target=\"_blank\" rel=\"noopener noreferrer\">Une toile de peinture et un po\u00e8me en \u00e9pitaphe pour H\u00e9di Annabi, disparu il y a un an \u00e0 Ha\u00efti<\/a><br \/><a href=\"https:\/\/www.leaders.com.tn\/article\/1638-l-onu-pleure-hedi-annabi\" target=\"_blank\" rel=\"noopener noreferrer\">L&rsquo;ONU pleure H\u00e9di Annabi<\/a><br \/><a href=\"https:\/\/www.leaders.com.tn\/article\/28843-la-tunisie-et-l-onu-rendent-hommage-a-hedi-annabi\" target=\"_blank\" rel=\"noopener noreferrer\">La Tunisie et l\u2019ONU rendent hommage \u00e0 H\u00e9di Annabi (Album Photos)<\/a><\/p>\n<p>Auteur:<br \/>\n<a href=\"https:\/\/www.leaders.com.tn\/article\/28876-sabri-bachtobji-un-illustre-citoyen-du-monde-hedi-annabi-une-icone-des-operations-onusiennes-de-maintien-de-la-paix-album-photos\">Cliquez ici pour lire l&rsquo;article depuis sa source.<\/a><\/p>\n","protected":false},"excerpt":{"rendered":"<p>Par Sabri Bachtobji, Secr\u00e9taire d&rsquo;Etat charg\u00e9 de la gestion du minist\u00e8re des Affaires \u00e9trang\u00e8res &#8211; Je souhaite exprimer \u00e0 cette occasion nos vifs remerciements pour M. Diego Zorrila, Coordonnateur R\u00e9sident du Syst\u00e8me des Nations Unies \u00e0 Tunis, et \u00e0 l\u2019Association Tunisienne pour les Nations Unies pour cette marque de consid\u00e9ration \u00e0 l\u2019endroit de cette \u00e9minente [&hellip;]<\/p>\n","protected":false},"author":1772,"featured_media":0,"comment_status":"closed","ping_status":"closed","sticky":false,"template":"","format":"standard","meta":{"fifu_image_url":"","fifu_image_alt":"","footnotes":""},"categories":[73,55],"tags":[],"class_list":["post-73143","post","type-post","status-publish","format-standard","hentry","category-actualite","category-tunisie"],"_links":{"self":[{"href":"https:\/\/linitiative.ca\/International\/wp-json\/wp\/v2\/posts\/73143","targetHints":{"allow":["GET"]}}],"collection":[{"href":"https:\/\/linitiative.ca\/International\/wp-json\/wp\/v2\/posts"}],"about":[{"href":"https:\/\/linitiative.ca\/International\/wp-json\/wp\/v2\/types\/post"}],"author":[{"embeddable":true,"href":"https:\/\/linitiative.ca\/International\/wp-json\/wp\/v2\/users\/1772"}],"replies":[{"embeddable":true,"href":"https:\/\/linitiative.ca\/International\/wp-json\/wp\/v2\/comments?post=73143"}],"version-history":[{"count":0,"href":"https:\/\/linitiative.ca\/International\/wp-json\/wp\/v2\/posts\/73143\/revisions"}],"wp:attachment":[{"href":"https:\/\/linitiative.ca\/International\/wp-json\/wp\/v2\/media?parent=73143"}],"wp:term":[{"taxonomy":"category","embeddable":true,"href":"https:\/\/linitiative.ca\/International\/wp-json\/wp\/v2\/categories?post=73143"},{"taxonomy":"post_tag","embeddable":true,"href":"https:\/\/linitiative.ca\/International\/wp-json\/wp\/v2\/tags?post=73143"}],"curies":[{"name":"wp","href":"https:\/\/api.w.org\/{rel}","templated":true}]}}