{"id":73144,"date":"2020-01-15T13:04:00","date_gmt":"2020-01-15T18:04:00","guid":{"rendered":"https:\/\/linitiative.ca\/International\/antonio-guterres-hedi-annabi-lun-des-piliers-du-maintien-de-la-paix-des-nations-unies-album-photos\/"},"modified":"2020-01-15T13:04:00","modified_gmt":"2020-01-15T18:04:00","slug":"antonio-guterres-hedi-annabi-lun-des-piliers-du-maintien-de-la-paix-des-nations-unies-album-photos","status":"publish","type":"post","link":"https:\/\/linitiative.ca\/International\/antonio-guterres-hedi-annabi-lun-des-piliers-du-maintien-de-la-paix-des-nations-unies-album-photos\/","title":{"rendered":"Ant\u00f3nio Guterres : H\u00e9di Annabi, l\u2019un des piliers du maintien de la paix des Nations Unies (Album photos)"},"content":{"rendered":"<p><span class=\"c2\"><strong>Par Ant\u00f3nio Guterres, secr\u00e9taire g\u00e9n\u00e9ral des Nations-Unies &#8211;<\/strong><\/span> Je tiens \u00e0 exprimer toute ma gratitude \u00e0 l\u2019Association Tunisienne pour les Nations Unies et aux nombreux amis r\u00e9unis aujourd\u2019hui en souvenir de H\u00e9di Annabi, qui, voil\u00e0 dix ans, a perdu la vie aux c\u00f4t\u00e9s d\u2019une centaine de ses coll\u00e8gues et de milliers de Ha\u00eftiennes et Ha\u00eftiens dans le s\u00e9isme qui a frapp\u00e9 le pays.<\/p>\n<p>H\u00e9di \u00e9tait l\u2019un des piliers du maintien de la paix des Nations Unies. Alliant au talent diplomatique et \u00e0 l\u2019\u00e9rudition une conscience professionnelle sans faille, il a exerc\u00e9 ses fonctions dans le monde entier, pendant des d\u00e9cennies, sur le terrain comme au Si\u00e8ge. Il a connu, \u00e0 la fin de la Guerre froide, la grande expansion des missions de maintien de la paix des Nations Unies et, en \u0153uvrant \u00e0 leur dynamisme, a contribu\u00e9 \u00e0 en faire le fleuron et l\u2019embl\u00e8me de l\u2019action de l\u2019ONU. Il a v\u00e9cu, entre autres succ\u00e8s de l\u2019ONU,\u00a0 les op\u00e9rations au Cambodge, au Mozambique et \u00e0 El Salvador.Lorsque l\u2019Organisation a connu les revers inh\u00e9rents aux t\u00e2ches difficiles, il a su contribuer \u00e0 lui montrer la voie.<\/p>\n<p>Modeste et sans pr\u00e9tention, dot\u00e9 d\u2019un humour pince-sans-rire, H\u00e9di \u00e9tait un fonctionnaire diligent et d\u00e9vou\u00e9. D\u00e9c\u00e9d\u00e9 en service alors qu\u2019il dirigeait la mission de l\u2019ONU en Ha\u00efti, sa perte a laiss\u00e9 un vide dans le monde entier, y compris dans sa Tunisie natale, o\u00f9 il avait fait ses premiers pas de diplomate et o\u00f9 l\u2019on \u00e9tait, \u00e0 juste titre, fier de le voir \u0153uvrer \u00e0 un monde meilleur.<\/p>\n<p>En baptisant une salle de conf\u00e9rence \u00e0 son nom dans cette nouvelle \u00abMaison bleue\u00bb, nous lui rendons hommage. Merci encore d\u2019\u00eatre venus honorer la m\u00e9moire d\u2019un coll\u00e8gue et ami qui a consacr\u00e9 sa vie au service de l\u2019ONU et de la cause de la paix.<\/p>\n<p class=\"c4\"><strong>Ant\u00f3nio Guterres<\/strong><\/p>\n<p class=\"c5\"><strong>Lire aussi<\/strong><\/p>\n<p class=\"c5\"><a href=\"https:\/\/www.leaders.com.tn\/article\/28870-l-hommage-solennel-de-l-onu-a-feu-hedi-annabi-en-presence-de-mebazaa-ennaceur-morjane-et-bachtobji-album-photos\" target=\"_blank\" rel=\"noopener noreferrer\"><span class=\"c2\"><strong>L\u2019hommage solennel de l\u2019ONU \u00e0 feu H\u00e9di Annabi, en pr\u00e9sence de Mebazaa, Ennaceur, Morjane, et Bachtobji (Album Photos)<\/strong><\/span><\/a><\/p>\n<p class=\"c5\"><a href=\"https:\/\/www.leaders.com.tn\/article\/28877-ahmed-ounaies-president-d-honneur-de-l-association-tunisienne-pour-les-nations-unies\" target=\"_blank\" rel=\"noopener noreferrer\"><span class=\"c2\"><strong>Ahmed Ouna\u00efes : H\u00e9di Annabi avait foi dans la vertu du travail et m\u00e9rite la reconnaissance de la grande famille des Nations Unies (Album Photos)<\/strong><\/span><\/a><\/p>\n<p class=\"c5\"><a href=\"https:\/\/www.leaders.com.tn\/article\/28876-sabri-bachtobji\" target=\"_blank\" rel=\"noopener noreferrer\"><span class=\"c2\"><strong>Sabri Bachtobji : Un illustre citoyen du monde, H\u00e9di Annabi, \u00ab une ic\u00f4ne des op\u00e9rations onusiennes de maintien de la paix \u00bb (Album Photos)<\/strong><\/span><\/a><\/p>\n<p><a href=\"https:\/\/www.leaders.com.tn\/article\/1647-au-siege-de-l-onu-une-minute-de-silence-a-la-memoire-de-hedi-annabi\" target=\"_blank\" rel=\"noopener noreferrer\">Au si\u00e8ge de l&rsquo;ONU : une minute de silence \u00e0 la m\u00e9moire de H\u00e9di Annabi<\/a><br \/><a href=\"https:\/\/www.leaders.com.tn\/article\/1663-hedi-annabi-ceremonie-solennelle-a-l-arrivee-de-la-depouille-a-tunis\" target=\"_blank\" rel=\"noopener noreferrer\">H\u00e9di Annabi: c\u00e9r\u00e9monie solennelle \u00e0 l&rsquo;arriv\u00e9e de la d\u00e9pouille \u00e0 Tunis<\/a><br \/><a href=\"https:\/\/www.leaders.com.tn\/article\/1648-le-representant-permanent-de-la-tunisie-aupres-de-l-onu-hedi-annabi-laisse-un-grand-souvenir\" target=\"_blank\" rel=\"noopener noreferrer\">Le Repr\u00e9sentant Permanent de la Tunisie aupr\u00e8s de l&rsquo;ONU : H\u00e9di Annabi laisse un grand souvenir<\/a><br \/><a href=\"https:\/\/www.leaders.com.tn\/article\/1660-hedi-annabi-funerailles-vendredi-a-tunis\" target=\"_blank\" rel=\"noopener noreferrer\">H\u00e9di Annabi : fun\u00e9railles vendredi \u00e0 Tunis<\/a><br \/><a href=\"https:\/\/www.leaders.com.tn\/article\/1646-en-direct-d-haiti-tout-sur-l-hommage-rendu-a-hedi-annabi\" target=\"_blank\" rel=\"noopener noreferrer\">En direct d&rsquo;Ha\u00efti: tout sur l&rsquo;hommage rendu \u00e0 H\u00e9di Annabi<\/a><br \/><a href=\"https:\/\/www.leaders.com.tn\/article\/1669-hedi-annabi-inhume-au-cimetiere-du-jellaz-a-tunis\" target=\"_blank\" rel=\"noopener noreferrer\">H\u00e9di Annabi inhum\u00e9 au cimeti\u00e8re du Jellaz \u00e0 Tunis<\/a><br \/><a href=\"https:\/\/www.leaders.com.tn\/article\/1602-le-seisme-de-haiti-fait-une-victime-tunisienne-hedi-annabi-representant-special-du-sg-de-l-onu\" target=\"_blank\" rel=\"noopener noreferrer\">Le s\u00e9isme de Haiti fait une victime tunisienne : H\u00e9di Annabi, Repr\u00e9sentant Sp\u00e9cial du SG de l&rsquo;ONU<\/a><br \/><a href=\"https:\/\/www.leaders.com.tn\/article\/3614-une-toile-de-peinture-et-un-poeme-en-epitaphe-pour-hedi-annabi-disparu-il-y-a-un-an-a-haiti\" target=\"_blank\" rel=\"noopener noreferrer\">Une toile de peinture et un po\u00e8me en \u00e9pitaphe pour H\u00e9di Annabi, disparu il y a un an \u00e0 Ha\u00efti<\/a><br \/><a href=\"https:\/\/www.leaders.com.tn\/article\/1638-l-onu-pleure-hedi-annabi\" target=\"_blank\" rel=\"noopener noreferrer\">L&rsquo;ONU pleure H\u00e9di Annabi<\/a><br \/><a href=\"https:\/\/www.leaders.com.tn\/article\/28843-la-tunisie-et-l-onu-rendent-hommage-a-hedi-annabi\" target=\"_blank\" rel=\"noopener noreferrer\">La Tunisie et l\u2019ONU rendent hommage \u00e0 H\u00e9di Annabi (Album Photos)<\/a><\/p>\n<p class=\"c3\">\u00a0<\/p>\n<p>Auteur:<br \/>\n<a href=\"https:\/\/www.leaders.com.tn\/article\/28878-antonio-guterres-hedi-annabi-l-un-des-piliers-du-maintien-de-la-paix-des-nations-unies-album-photos\">Cliquez ici pour lire l&rsquo;article depuis sa source.<\/a><\/p>\n","protected":false},"excerpt":{"rendered":"<p>Par Ant\u00f3nio Guterres, secr\u00e9taire g\u00e9n\u00e9ral des Nations-Unies &#8211; Je tiens \u00e0 exprimer toute ma gratitude \u00e0 l\u2019Association Tunisienne pour les Nations Unies et aux nombreux amis r\u00e9unis aujourd\u2019hui en souvenir de H\u00e9di Annabi, qui, voil\u00e0 dix ans, a perdu la vie aux c\u00f4t\u00e9s d\u2019une centaine de ses coll\u00e8gues et de milliers de Ha\u00eftiennes et Ha\u00eftiens [&hellip;]<\/p>\n","protected":false},"author":1772,"featured_media":0,"comment_status":"closed","ping_status":"closed","sticky":false,"template":"","format":"standard","meta":{"fifu_image_url":"","fifu_image_alt":"","footnotes":""},"categories":[73,55],"tags":[],"class_list":["post-73144","post","type-post","status-publish","format-standard","hentry","category-actualite","category-tunisie"],"_links":{"self":[{"href":"https:\/\/linitiative.ca\/International\/wp-json\/wp\/v2\/posts\/73144","targetHints":{"allow":["GET"]}}],"collection":[{"href":"https:\/\/linitiative.ca\/International\/wp-json\/wp\/v2\/posts"}],"about":[{"href":"https:\/\/linitiative.ca\/International\/wp-json\/wp\/v2\/types\/post"}],"author":[{"embeddable":true,"href":"https:\/\/linitiative.ca\/International\/wp-json\/wp\/v2\/users\/1772"}],"replies":[{"embeddable":true,"href":"https:\/\/linitiative.ca\/International\/wp-json\/wp\/v2\/comments?post=73144"}],"version-history":[{"count":0,"href":"https:\/\/linitiative.ca\/International\/wp-json\/wp\/v2\/posts\/73144\/revisions"}],"wp:attachment":[{"href":"https:\/\/linitiative.ca\/International\/wp-json\/wp\/v2\/media?parent=73144"}],"wp:term":[{"taxonomy":"category","embeddable":true,"href":"https:\/\/linitiative.ca\/International\/wp-json\/wp\/v2\/categories?post=73144"},{"taxonomy":"post_tag","embeddable":true,"href":"https:\/\/linitiative.ca\/International\/wp-json\/wp\/v2\/tags?post=73144"}],"curies":[{"name":"wp","href":"https:\/\/api.w.org\/{rel}","templated":true}]}}