{"id":73145,"date":"2020-01-15T13:04:00","date_gmt":"2020-01-15T18:04:00","guid":{"rendered":"https:\/\/linitiative.ca\/International\/ahmed-ounaies-hedi-annabi-avait-foi-dans-la-vertu-du-travail-et-merite-la-reconnaissance-de-la-grande-famille-des-nations-unies-album-photos\/"},"modified":"2020-01-15T13:04:00","modified_gmt":"2020-01-15T18:04:00","slug":"ahmed-ounaies-hedi-annabi-avait-foi-dans-la-vertu-du-travail-et-merite-la-reconnaissance-de-la-grande-famille-des-nations-unies-album-photos","status":"publish","type":"post","link":"https:\/\/linitiative.ca\/International\/ahmed-ounaies-hedi-annabi-avait-foi-dans-la-vertu-du-travail-et-merite-la-reconnaissance-de-la-grande-famille-des-nations-unies-album-photos\/","title":{"rendered":"Ahmed Ouna\u00efes : H\u00e9di Annabi avait foi dans la vertu du travail et m\u00e9rite la reconnaissance de la grande famille des Nations Unies (Album Photos)"},"content":{"rendered":"<p><span class=\"c2\"><strong>Par Ahmed Ouna\u00efes, ancien ambassadeur, pr\u00e9sident d\u2019honneur de l\u2019Association Tunisienne pour les Nations Unies &#8211;<\/strong><\/span> Le 23 octobre dernier, nous \u00e9tions invit\u00e9s \u00e0 La Maison Bleue, la Maison des Nations Unies \u00e0 Tunis, pour l\u2019inauguration de la Salle Mongi Slim, \u00e0 l\u2019occasion du cinquanti\u00e8me anniversaire de son d\u00e9c\u00e8s. Nous sommes aujourd\u2019hui invit\u00e9s \u00e0 l\u2019inauguration de la Salle H\u00e9di Annabi, dix ans apr\u00e8s sa mort tragique dans le s\u00e9isme qui avait frapp\u00e9 Ha\u00efti le 12 janvier 2010. Mongi Slim, un g\u00e9ant du Mouvement National tunisien, incarnait la Tunisie aupr\u00e8s des Nations Unies. H\u00e9di Annabi, junior diplomate, ayant longtemps servi le Minist\u00e8re des Affaires Etrang\u00e8res avant de passer au Secr\u00e9tariat G\u00e9n\u00e9ral des Nations Unies o\u00f9 il a gravi les plus hauts \u00e9chelons de la hi\u00e9rarchie, incarnait aupr\u00e8s de nous les valeurs des Nations Unies. Ces deux grands noms sont aujourd\u2019hui symboliquement r\u00e9unis au sein d\u2019une m\u00eame Institution, la Maison des Nations Unies \u00e0 Tunis. Saluons cette initiative, la premi\u00e8re dans notre pays. Votre geste, Excellence, nous va droit au c\u0153ur. Vous cr\u00e9ez un lien de plus entre la Tunisie et les Nations Unies.<\/p>\n<p>Il est normal qu\u2019une nation honore la m\u00e9moire de ceux de ses enfants qui ont m\u00e9rit\u00e9 sa reconnaissance. Lorsque les Nations Unies c\u00e9l\u00e8brent la m\u00e9moire d\u2019un agent qui a loyalement servi les buts et principes de la Charte, qui illustre authentiquement les valeurs des Nations Unies, c\u2019est plus qu\u2019une nation, c\u2019est l\u2019ensemble des nations qui honorent la m\u00e9moire d\u2019un citoyen du monde, ind\u00e9pendamment de sa nationalit\u00e9, ind\u00e9pendamment des continents, des langues, des religions\u2026 La famille humaine honore l\u2019un de ses enfants qui a m\u00e9rit\u00e9 sa reconnaissance. L\u2019ONU \u00e9tablit ainsi que la grande famille humaine est une, et que la fraternit\u00e9 humaine a un sens. Ce symbole distingue la c\u00e9r\u00e9monie d\u2019aujourd\u2019hui de toutes les autres. Ce symbole, Excellence, repr\u00e9sente pour nous, membres de l\u2019Association Tunisienne pour les Nations Unies, un t\u00e9moignage d\u2019une haute port\u00e9e.<\/p>\n<p>Je voudrais \u00e9voquer une qualit\u00e9 de H\u00e9di Annabi. Il en a tant, mais je retiens une qualit\u00e9 qui l\u2019a distingu\u00e9 en Tunisie et aux Nations Unies. Il \u00e9tait entr\u00e9 au Minist\u00e8re des Affaires Etrang\u00e8res au d\u00e9but de l\u2019ann\u00e9e 1966, et affect\u00e9 aussit\u00f4t dans la Division que je dirigeais, au sein de la Direction de la Coop\u00e9ration Internationale, dont le Directeur \u00e9tait Isma\u00efl Khelil. J\u2019avais observ\u00e9 d\u00e8s les premi\u00e8res semaines que H\u00e9di travaillait tard, qu\u2019il restait dans son bureau bien au-del\u00e0 de l\u2019horaire. Nos bureaux \u00e9taient contigus : une porte nous s\u00e9parait. Souvent, H\u00e9di entrouvrait cette porte et me demandait \u00ab Avez-vous un petit quart d\u2019heure, j\u2019ai un gros paquet de correspondances \u00e0 revoir avec vous ? \u00bb Je lui donnais volontiers la priorit\u00e9 sur mon travail et nous finissions ensemble son courrier.<br \/>Un soir, nous quittions tard Dar El Bey, le si\u00e8ge du Minist\u00e8re. Il \u00e9tait pr\u00e8s de 20 h. C\u2019\u00e9tait le d\u00e9but de l\u2019\u00e9t\u00e9, au mois de mai. En d\u00e9bouchant sur le square de la Kasbah, nous observions de l\u2019autre c\u00f4t\u00e9, au pied des marches du Minist\u00e8re du Plan et de l\u2019Economie Nationale, deux hommes qui discutaient. L\u2019un d\u2019eux nous lan\u00e7ait aussit\u00f4t un ample salut de la main. A la lumi\u00e8re des r\u00e9verb\u00e8res, nous reconnaissions Isma\u00efl Khelil et Ahmed Ben Salah, le Ministre du Plan et de l\u2019Economie Nationale. Nous nous \u00e9tions dirig\u00e9s vers eux pour les saluer, ils nous accueillaient chaleureusement. Nous nous connaissions tous pour avoir fr\u00e9quemment particip\u00e9 ensemble \u00e0 des n\u00e9gociations.<\/p>\n<p>Ahmed Ben Salah saisit H\u00e9di Annabi par le bras et, s\u2019adressant \u00e0 Isma\u00efl Khelil, lui dit : \u00ab Il m\u2019arrive de sortir tard du bureau ; je suis souvent surpris par la fen\u00eatre \u00e9clair\u00e9e juste devant moi, et plus souvent par les deux fen\u00eatres voisines \u00e9galement \u00e9clair\u00e9es, et je me disais, avec un sentiment de r\u00e9confort, que si des agents de l\u2019Etat travaillent au-del\u00e0 des horaires, le Plan sera r\u00e9alis\u00e9 au-del\u00e0 des normes que nous avons fix\u00e9es ! \u00bb Isma\u00efl Khelil r\u00e9agit par un \u00e9clat de rire. Nous comprenions que les deux hommes discutaient du Plan : nous en \u00e9tions au beau milieu du Plan Quadriennal o\u00f9 Isma\u00efl Khelil comptait une part de responsabilit\u00e9 importante, la part de la coop\u00e9ration internationale. Ahmed Ben Salah conclut : \u00ab Je me demandais qui \u00e9taient les fonctionnaires occupant ces deux bureaux, maintenant je le sais. \u00bb<br \/>H\u00e9di \u00e9tait profond\u00e9ment touch\u00e9 par ce compliment : moins de six mois apr\u00e8s son entr\u00e9e au Minist\u00e8re, le t\u00e9moignage du Ministre \u00e9tait beau. Pour toute r\u00e9ponse, il s\u2019\u00e9tait content\u00e9 de regarder Ahmed Ben Salah dans les yeux et de sourire. Ainsi exprimait-il sa gratitude. Il n\u2019avait plus jamais \u00e9voqu\u00e9 ce moment devant moi.<\/p>\n<p>Le jour o\u00f9 Ban Ki-moon, le Secr\u00e9taire G\u00e9n\u00e9ral des Nations Unies, annon\u00e7a le d\u00e9c\u00e8s de H\u00e9di, le 16 janvier 2010, il d\u00e9clarait : \u00ab H\u00e9di Annabi \u00e9tait toujours le premier \u00e0 son bureau ; il \u00e9tait aussi le dernier \u00e0 quitter son bureau, apr\u00e8s tous les coll\u00e8gues. Il se donnait \u00e0 son travail avec un c\u0153ur de lion. Il \u00e9tait le meilleur repr\u00e9sentant de la Fonction Publique internationale. \u00bb Ce propos m\u2019avait \u00e9mu parce que je connaissais celui dont il parlait.<\/p>\n<p>H\u00e9di Annabi avait foi dans la vertu du travail, je l\u2019avais observ\u00e9 au Minist\u00e8re, puis \u00e0 l\u2019Ambassade \u00e0 Paris o\u00f9 il m\u2019avait rejoint un an apr\u00e8s mon affectation. A l\u2019\u00e9poque, le Ministre des Affaires Etrang\u00e8res, Habib Bourguiba Jr, d\u00e9cidait de renforcer la section de la Coop\u00e9ration Culturelle et Technique au sein de l\u2019Ambassade : H\u00e9di ajoutait au staff son talent et sa culture. Je renouais ainsi la collaboration avec lui. Je l\u2019avais encore re\u00e7u \u00e0 New York en 1980, quand il s\u2019\u00e9tait rendu au Secr\u00e9tariat G\u00e9n\u00e9ral de l\u2019ONU avant sa prise de fonction. Pour ma part, j\u2019avais rejoint New York un an auparavant, \u00e0 notre Mission Permanente aupr\u00e8s des Nations Unies, pour le mandat de la Tunisie au Conseil de S\u00e9curit\u00e9 en 1980 et 1981.<\/p>\n<p>Je crois, Excellence, que H\u00e9di Annabi a m\u00e9rit\u00e9 notre reconnaissance, la reconnaissance de la grande famille des Nations Unies, en authentique citoyen du monde.<\/p>\n<p class=\"c4\"><strong>Ahmed Ouna\u00efes<\/strong><\/p>\n<p class=\"c5\"><strong>Lire aussi<\/strong><\/p>\n<p class=\"c5\"><a href=\"https:\/\/www.leaders.com.tn\/article\/28870-l-hommage-solennel-de-l-onu-a-feu-hedi-annabi-en-presence-de-mebazaa-ennaceur-morjane-et-bachtobji-album-photos\" target=\"_blank\" rel=\"noopener noreferrer\"><span class=\"c2\"><strong>L\u2019hommage solennel de l\u2019ONU \u00e0 feu H\u00e9di Annabi, en pr\u00e9sence de Mebazaa, Ennaceur, Morjane, et Bachtobji (Album Photos)<\/strong><\/span><\/a><\/p>\n<p class=\"c5\"><a href=\"https:\/\/www.leaders.com.tn\/article\/28878-antonio-guterres\" target=\"_blank\" rel=\"noopener noreferrer\"><span class=\"c2\"><strong>Ant\u00f3nio Guterres : H\u00e9di Annabi, l\u2019un des piliers du maintien de la paix des Nations Unies (Album photos)<\/strong><\/span><\/a><\/p>\n<p class=\"c5\"><a href=\"https:\/\/www.leaders.com.tn\/article\/28876-sabri-bachtobji\" target=\"_blank\" rel=\"noopener noreferrer\"><span class=\"c2\"><strong>Sabri Bachtobji : Un illustre citoyen du monde, H\u00e9di Annabi, \u00ab une ic\u00f4ne des op\u00e9rations onusiennes de maintien de la paix \u00bb (Album Photos)<\/strong><\/span><\/a><\/p>\n<p><a href=\"https:\/\/www.leaders.com.tn\/article\/1647-au-siege-de-l-onu-une-minute-de-silence-a-la-memoire-de-hedi-annabi\" target=\"_blank\" rel=\"noopener noreferrer\">Au si\u00e8ge de l&rsquo;ONU : une minute de silence \u00e0 la m\u00e9moire de H\u00e9di Annabi<\/a><br \/><a href=\"https:\/\/www.leaders.com.tn\/article\/1663-hedi-annabi-ceremonie-solennelle-a-l-arrivee-de-la-depouille-a-tunis\" target=\"_blank\" rel=\"noopener noreferrer\">H\u00e9di Annabi: c\u00e9r\u00e9monie solennelle \u00e0 l&rsquo;arriv\u00e9e de la d\u00e9pouille \u00e0 Tunis<\/a><br \/><a href=\"https:\/\/www.leaders.com.tn\/article\/1648-le-representant-permanent-de-la-tunisie-aupres-de-l-onu-hedi-annabi-laisse-un-grand-souvenir\" target=\"_blank\" rel=\"noopener noreferrer\">Le Repr\u00e9sentant Permanent de la Tunisie aupr\u00e8s de l&rsquo;ONU : H\u00e9di Annabi laisse un grand souvenir<\/a><br \/><a href=\"https:\/\/www.leaders.com.tn\/article\/1660-hedi-annabi-funerailles-vendredi-a-tunis\" target=\"_blank\" rel=\"noopener noreferrer\">H\u00e9di Annabi : fun\u00e9railles vendredi \u00e0 Tunis<\/a><br \/><a href=\"https:\/\/www.leaders.com.tn\/article\/1646-en-direct-d-haiti-tout-sur-l-hommage-rendu-a-hedi-annabi\" target=\"_blank\" rel=\"noopener noreferrer\">En direct d&rsquo;Ha\u00efti: tout sur l&rsquo;hommage rendu \u00e0 H\u00e9di Annabi<\/a><br \/><a href=\"https:\/\/www.leaders.com.tn\/article\/1669-hedi-annabi-inhume-au-cimetiere-du-jellaz-a-tunis\" target=\"_blank\" rel=\"noopener noreferrer\">H\u00e9di Annabi inhum\u00e9 au cimeti\u00e8re du Jellaz \u00e0 Tunis<\/a><br \/><a href=\"https:\/\/www.leaders.com.tn\/article\/1602-le-seisme-de-haiti-fait-une-victime-tunisienne-hedi-annabi-representant-special-du-sg-de-l-onu\" target=\"_blank\" rel=\"noopener noreferrer\">Le s\u00e9isme de Haiti fait une victime tunisienne : H\u00e9di Annabi, Repr\u00e9sentant Sp\u00e9cial du SG de l&rsquo;ONU<\/a><br \/><a href=\"https:\/\/www.leaders.com.tn\/article\/3614-une-toile-de-peinture-et-un-poeme-en-epitaphe-pour-hedi-annabi-disparu-il-y-a-un-an-a-haiti\" target=\"_blank\" rel=\"noopener noreferrer\">Une toile de peinture et un po\u00e8me en \u00e9pitaphe pour H\u00e9di Annabi, disparu il y a un an \u00e0 Ha\u00efti<\/a><br \/><a href=\"https:\/\/www.leaders.com.tn\/article\/1638-l-onu-pleure-hedi-annabi\" target=\"_blank\" rel=\"noopener noreferrer\">L&rsquo;ONU pleure H\u00e9di Annabi<\/a><br \/><a href=\"https:\/\/www.leaders.com.tn\/article\/28843-la-tunisie-et-l-onu-rendent-hommage-a-hedi-annabi\" target=\"_blank\" rel=\"noopener noreferrer\">La Tunisie et l\u2019ONU rendent hommage \u00e0 H\u00e9di Annabi (Album Photos)<\/a><\/p>\n<p class=\"c3\">\u00a0<\/p>\n<p>Auteur:<br \/>\n<a href=\"https:\/\/www.leaders.com.tn\/article\/28877-ahmed-ounaies-hedi-annabi-avait-foi-dans-la-vertu-du-travail-et-merite-la-reconnaissance-de-la-grande-famille-des-nations-unies-album-photos\">Cliquez ici pour lire l&rsquo;article depuis sa source.<\/a><\/p>\n","protected":false},"excerpt":{"rendered":"<p>Par Ahmed Ouna\u00efes, ancien ambassadeur, pr\u00e9sident d\u2019honneur de l\u2019Association Tunisienne pour les Nations Unies &#8211; Le 23 octobre dernier, nous \u00e9tions invit\u00e9s \u00e0 La Maison Bleue, la Maison des Nations Unies \u00e0 Tunis, pour l\u2019inauguration de la Salle Mongi Slim, \u00e0 l\u2019occasion du cinquanti\u00e8me anniversaire de son d\u00e9c\u00e8s. Nous sommes aujourd\u2019hui invit\u00e9s \u00e0 l\u2019inauguration de [&hellip;]<\/p>\n","protected":false},"author":1772,"featured_media":0,"comment_status":"closed","ping_status":"closed","sticky":false,"template":"","format":"standard","meta":{"fifu_image_url":"","fifu_image_alt":"","footnotes":""},"categories":[73,55],"tags":[],"class_list":["post-73145","post","type-post","status-publish","format-standard","hentry","category-actualite","category-tunisie"],"_links":{"self":[{"href":"https:\/\/linitiative.ca\/International\/wp-json\/wp\/v2\/posts\/73145","targetHints":{"allow":["GET"]}}],"collection":[{"href":"https:\/\/linitiative.ca\/International\/wp-json\/wp\/v2\/posts"}],"about":[{"href":"https:\/\/linitiative.ca\/International\/wp-json\/wp\/v2\/types\/post"}],"author":[{"embeddable":true,"href":"https:\/\/linitiative.ca\/International\/wp-json\/wp\/v2\/users\/1772"}],"replies":[{"embeddable":true,"href":"https:\/\/linitiative.ca\/International\/wp-json\/wp\/v2\/comments?post=73145"}],"version-history":[{"count":0,"href":"https:\/\/linitiative.ca\/International\/wp-json\/wp\/v2\/posts\/73145\/revisions"}],"wp:attachment":[{"href":"https:\/\/linitiative.ca\/International\/wp-json\/wp\/v2\/media?parent=73145"}],"wp:term":[{"taxonomy":"category","embeddable":true,"href":"https:\/\/linitiative.ca\/International\/wp-json\/wp\/v2\/categories?post=73145"},{"taxonomy":"post_tag","embeddable":true,"href":"https:\/\/linitiative.ca\/International\/wp-json\/wp\/v2\/tags?post=73145"}],"curies":[{"name":"wp","href":"https:\/\/api.w.org\/{rel}","templated":true}]}}