{"id":73146,"date":"2020-01-15T13:11:00","date_gmt":"2020-01-15T18:11:00","guid":{"rendered":"https:\/\/linitiative.ca\/International\/lhommage-solennel-de-lonu-a-feu-hedi-annabi-en-presence-de-mebazaa-ennaceur-morjane-et-bachtobji-album-photos\/"},"modified":"2020-01-15T13:11:00","modified_gmt":"2020-01-15T18:11:00","slug":"lhommage-solennel-de-lonu-a-feu-hedi-annabi-en-presence-de-mebazaa-ennaceur-morjane-et-bachtobji-album-photos","status":"publish","type":"post","link":"https:\/\/linitiative.ca\/International\/lhommage-solennel-de-lonu-a-feu-hedi-annabi-en-presence-de-mebazaa-ennaceur-morjane-et-bachtobji-album-photos\/","title":{"rendered":"L\u2019hommage solennel de l\u2019ONU \u00e0 feu H\u00e9di Annabi, en pr\u00e9sence de Mebazaa, Ennaceur, Morjane, et Bachtobji (Album Photos)"},"content":{"rendered":"<p>Rarement une c\u00e9r\u00e9monie d\u2019hommage \u00e0 un illustre diplomate tunisien n\u2019aura \u00e9t\u00e9 aussi charg\u00e9e en symboliques. La comm\u00e9moration du 10<sup>\u00e8me<\/sup> anniversaire de la disparition, le 12 janvier 2010 de feu H\u00e9di Annabi, repr\u00e9sentant sp\u00e9cial du secr\u00e9taire g\u00e9n\u00e9ral de l\u2019ONU et chef de la mission des Nations unies pour la stabilisation en Ha\u00efti (Minustah), d\u00e9c\u00e9d\u00e9 avec une centaine de ses coll\u00e8gues onusiens et des milliers de Ha\u00eftiens, a \u00e9t\u00e9 en effet fort \u00e9mouvante. D\u2019abord, \u00e0 la faveur de la d\u00e9cision de l\u2019ONU de lui d\u00e9dier une salle qui portera d\u00e9sormais son nom, au nouveau si\u00e8ge du bureau de l\u2019Organisation \u00e0 Tunis. Comme ce fut l\u2019ann\u00e9e derni\u00e8re pour feu Mongi Slim, premier africain pr\u00e9sident de l\u2019Assembl\u00e9e g\u00e9n\u00e9rale des Nations-Unies.<\/p>\n<p>La pr\u00e9sence d\u2019illustres personnalit\u00e9s tunisiennes qui ont r\u00e9pondu \u00e0 l\u2019invitation de Diego Zorrila, Coordonnateur-R\u00e9sident du Syst\u00e8me des Nations Unies \u00e0 Tunis, et de l\u2019Association Tunisienne pour les Nations Unies, conduite par l\u2019ambassadeur <a href=\"https:\/\/www.leaders.com.tn\/article\/28877-ahmed-ounaies-president-d-honneur-de-l-association-tunisienne-pour-les-nations-unies\" target=\"_blank\" rel=\"noopener noreferrer\"><span class=\"c2\"><strong>Ahmed Ounaies<\/strong><\/span><\/a>, Faiza K\u00e9fi et Hichem Abdesslam a ajout\u00e9 une note suppl\u00e9mentaire \u00e0 cette c\u00e9r\u00e9monie. Au premier rang avaient en effet pris place les anciens pr\u00e9sidents de la R\u00e9publique par int\u00e9rim Foued Mebazaa et Mohamed Ennaceur, le ministre Kamel Morjane, qui avait longtemps servi \u00e0 des positions \u00e9lev\u00e9es au sein de l\u2019ONU, le secr\u00e9taire d\u2019Etat aux Affaires \u00e9trang\u00e8res, <a href=\"https:\/\/www.leaders.com.tn\/article\/28876-sabri-bachtobji\" target=\"_blank\" rel=\"noopener noreferrer\"><span class=\"c2\"><strong>Sabri Bachtobji<\/strong><\/span><\/a>, mais aussi de nombreux ambassadeurs (Taher Sioud, Ghazi Jomaa, Hammadi Gherib, Hamid\u00a0Zaouche&#8230;), chefs d\u2019agences du syst\u00e8me des Nations-Unies \u00e0 Tunis, des amis (Azouz Tej, etc.) et des membres de la famille de H\u00e9di Annabi.<\/p>\n<p>Un jeune couple tunisien \u00e9tait particuli\u00e8rement \u00e9mu, M. et Mme Cherif, qui travaillaient avec H\u00e9di Annabi \u00e0 Ha\u00efti sont les survivants miracul\u00e9s du s\u00e9isme. Tout comme la pr\u00e9sence de l\u2019ambassadeur Ghazi Jomaa, qui \u00e9tait alors repr\u00e9sentant-permanent de Tunisie aupr\u00e8s de l\u2019ONU \u00e0 New-York. Imm\u00e9diatement, il s\u2019\u00e9tait rendu avec le secr\u00e9taire g\u00e9n\u00e9ral, Ban Ki Moon, \u00e0 Ha\u00efti, se recueillir devant les d\u00e9pouilles des victimes, r\u00e9citant la Fatiha. L\u2019ambassadeur Jomaa avait veill\u00e9 au rapatriement de la d\u00e9pouille de H\u00e9di Annabi, d\u2019abord \u00e0 New York o\u00f9 un office religieux a \u00e9t\u00e9 organis\u00e9 selon les traditions islamiques, puis \u00e0 Tunis o\u00f9 de grandes fun\u00e9railles nationales lui avaient \u00e9t\u00e9 r\u00e9serv\u00e9es.<\/p>\n<p>Dans un message sp\u00e9cial adress\u00e9 \u00e0 cette occasion, le secr\u00e9taire g\u00e9n\u00e9ral de l\u2019ONU, <a href=\"https:\/\/www.leaders.com.tn\/article\/28878-antonio-guterres\" target=\"_blank\" rel=\"noopener noreferrer\"><span class=\"c2\"><strong>Ant\u00f3nio Guterres<\/strong><\/span><\/a> n\u2019a pas tari d\u2019\u00e9loges \u00e0 l\u2019\u00e9gard de celui qu\u2019il a qualifi\u00e9 de \u00ab l\u2019un des piliers du maintien de la paix des Nations Unies, alliant au talent diplomatique et \u00e0 l\u2019\u00e9rudition une conscience professionnelle sans faille . \u00bb<\/p>\n<p>Kamel Morjane saluera la m\u00e9moire \u00ab du fr\u00e8re, de l\u2019ami, du coll\u00e8gue, du compatriote, toujours exemplaire, exemplaire partout. \u00bb<\/p>\n<p>Sabri Bachtobji, a rendu hommage au nom du gouvernement tunisien \u00e0 \u00ab un citoyen du monde qui a fait de l\u2019humanitaire une vocation et une passion. \u00bb<\/p>\n<p>L\u2019ambassadeur Ahmed Ouna\u00efes reviendra sur les premiers pas de H\u00e9di Annabi au sein du minist\u00e8re des Affaires \u00e9trang\u00e8res, au milieu des ann\u00e9es 1960, puis son d\u00e9part \u00e0 New York, exaltant ses vertus et la noblesse de ses valeurs.<\/p>\n<p>Au nom de la famille, il appartiendra \u00e0 son fr\u00e8re, le Pr Abdelaziz Annabi, d\u2019\u00e9voquer des souvenirs personnels qui ne font que r\u00e9v\u00e9ler encore plus les qualit\u00e9s de H\u00e9di Annabi et son abn\u00e9gation.<\/p>\n<p>S\u2019il a c\u00e9d\u00e9 \u00e0 ses invit\u00e9s la primeur des t\u00e9moignages, Diego Zorrila, qui avait fait ses d\u00e9buts \u00e0 l\u2019ONU, dans les ann\u00e9es 1990, au D\u00e9partement du Maintien de la Paix, et nou\u00e9 depuis lors une amiti\u00e9 solide avec H\u00e9di Annabi.<\/p>\n<p>Un hommage unanime, bien m\u00e9rit\u00e9.<br \/>\u00a0<\/p>\n<p class=\"c4\"><strong>Lire aussi<\/strong><\/p>\n<p class=\"c4\"><a href=\"https:\/\/www.leaders.com.tn\/article\/28877-ahmed-ounaies-president-d-honneur-de-l-association-tunisienne-pour-les-nations-unies\" target=\"_blank\" rel=\"noopener noreferrer\"><span class=\"c2\"><strong>Ahmed Ouna\u00efes : H\u00e9di Annabi avait foi dans la vertu du travail et m\u00e9rite la reconnaissance de la grande famille des Nations Unies (Album Photos)<\/strong><\/span><\/a><\/p>\n<p class=\"c4\"><a href=\"https:\/\/www.leaders.com.tn\/article\/28878-antonio-guterres\" target=\"_blank\" rel=\"noopener noreferrer\"><span class=\"c2\"><strong>Ant\u00f3nio Guterres : H\u00e9di Annabi, l\u2019un des piliers du maintien de la paix des Nations Unies (Album photos)<\/strong><\/span><\/a><\/p>\n<p class=\"c4\"><a href=\"https:\/\/www.leaders.com.tn\/article\/28876-sabri-bachtobji\" target=\"_blank\" rel=\"noopener noreferrer\"><span class=\"c2\"><strong>Sabri Bachtobji : Un illustre citoyen du monde, H\u00e9di Annabi, \u00ab une ic\u00f4ne des op\u00e9rations onusiennes de maintien de la paix \u00bb (Album Photos)<\/strong><\/span><\/a><\/p>\n<p><a href=\"https:\/\/www.leaders.com.tn\/article\/1647-au-siege-de-l-onu-une-minute-de-silence-a-la-memoire-de-hedi-annabi\" target=\"_blank\" rel=\"noopener noreferrer\">Au si\u00e8ge de l&rsquo;ONU : une minute de silence \u00e0 la m\u00e9moire de H\u00e9di Annabi<\/a><br \/><a href=\"https:\/\/www.leaders.com.tn\/article\/1663-hedi-annabi-ceremonie-solennelle-a-l-arrivee-de-la-depouille-a-tunis\" target=\"_blank\" rel=\"noopener noreferrer\">H\u00e9di Annabi: c\u00e9r\u00e9monie solennelle \u00e0 l&rsquo;arriv\u00e9e de la d\u00e9pouille \u00e0 Tunis<\/a><br \/><a href=\"https:\/\/www.leaders.com.tn\/article\/1648-le-representant-permanent-de-la-tunisie-aupres-de-l-onu-hedi-annabi-laisse-un-grand-souvenir\" target=\"_blank\" rel=\"noopener noreferrer\">Le Repr\u00e9sentant Permanent de la Tunisie aupr\u00e8s de l&rsquo;ONU : H\u00e9di Annabi laisse un grand souvenir<\/a><br \/><a href=\"https:\/\/www.leaders.com.tn\/article\/1660-hedi-annabi-funerailles-vendredi-a-tunis\" target=\"_blank\" rel=\"noopener noreferrer\">H\u00e9di Annabi : fun\u00e9railles vendredi \u00e0 Tunis<\/a><br \/><a href=\"https:\/\/www.leaders.com.tn\/article\/1646-en-direct-d-haiti-tout-sur-l-hommage-rendu-a-hedi-annabi\" target=\"_blank\" rel=\"noopener noreferrer\">En direct d&rsquo;Ha\u00efti: tout sur l&rsquo;hommage rendu \u00e0 H\u00e9di Annabi<\/a><br \/><a href=\"https:\/\/www.leaders.com.tn\/article\/1669-hedi-annabi-inhume-au-cimetiere-du-jellaz-a-tunis\" target=\"_blank\" rel=\"noopener noreferrer\">H\u00e9di Annabi inhum\u00e9 au cimeti\u00e8re du Jellaz \u00e0 Tunis<\/a><br \/><a href=\"https:\/\/www.leaders.com.tn\/article\/1602-le-seisme-de-haiti-fait-une-victime-tunisienne-hedi-annabi-representant-special-du-sg-de-l-onu\" target=\"_blank\" rel=\"noopener noreferrer\">Le s\u00e9isme de Haiti fait une victime tunisienne : H\u00e9di Annabi, Repr\u00e9sentant Sp\u00e9cial du SG de l&rsquo;ONU<\/a><br \/><a href=\"https:\/\/www.leaders.com.tn\/article\/3614-une-toile-de-peinture-et-un-poeme-en-epitaphe-pour-hedi-annabi-disparu-il-y-a-un-an-a-haiti\" target=\"_blank\" rel=\"noopener noreferrer\">Une toile de peinture et un po\u00e8me en \u00e9pitaphe pour H\u00e9di Annabi, disparu il y a un an \u00e0 Ha\u00efti<\/a><br \/><a href=\"https:\/\/www.leaders.com.tn\/article\/1638-l-onu-pleure-hedi-annabi\" target=\"_blank\" rel=\"noopener noreferrer\">L&rsquo;ONU pleure H\u00e9di Annabi<\/a><br \/><a href=\"https:\/\/www.leaders.com.tn\/article\/28843-la-tunisie-et-l-onu-rendent-hommage-a-hedi-annabi\" target=\"_blank\" rel=\"noopener noreferrer\">La Tunisie et l\u2019ONU rendent hommage \u00e0 H\u00e9di Annabi (Album Photos)<\/a><\/p>\n<p>Auteur:<br \/>\n<a href=\"https:\/\/www.leaders.com.tn\/article\/28870-l-hommage-solennel-de-l-onu-a-feu-hedi-annabi-en-presence-de-mebazaa-ennaceur-morjane-et-bachtobji-album-photos\">Cliquez ici pour lire l&rsquo;article depuis sa source.<\/a><\/p>\n","protected":false},"excerpt":{"rendered":"<p>Rarement une c\u00e9r\u00e9monie d\u2019hommage \u00e0 un illustre diplomate tunisien n\u2019aura \u00e9t\u00e9 aussi charg\u00e9e en symboliques. La comm\u00e9moration du 10\u00e8me anniversaire de la disparition, le 12 janvier 2010 de feu H\u00e9di Annabi, repr\u00e9sentant sp\u00e9cial du secr\u00e9taire g\u00e9n\u00e9ral de l\u2019ONU et chef de la mission des Nations unies pour la stabilisation en Ha\u00efti (Minustah), d\u00e9c\u00e9d\u00e9 avec une [&hellip;]<\/p>\n","protected":false},"author":1772,"featured_media":0,"comment_status":"closed","ping_status":"closed","sticky":false,"template":"","format":"standard","meta":{"fifu_image_url":"","fifu_image_alt":"","footnotes":""},"categories":[73,55],"tags":[],"class_list":["post-73146","post","type-post","status-publish","format-standard","hentry","category-actualite","category-tunisie"],"_links":{"self":[{"href":"https:\/\/linitiative.ca\/International\/wp-json\/wp\/v2\/posts\/73146","targetHints":{"allow":["GET"]}}],"collection":[{"href":"https:\/\/linitiative.ca\/International\/wp-json\/wp\/v2\/posts"}],"about":[{"href":"https:\/\/linitiative.ca\/International\/wp-json\/wp\/v2\/types\/post"}],"author":[{"embeddable":true,"href":"https:\/\/linitiative.ca\/International\/wp-json\/wp\/v2\/users\/1772"}],"replies":[{"embeddable":true,"href":"https:\/\/linitiative.ca\/International\/wp-json\/wp\/v2\/comments?post=73146"}],"version-history":[{"count":0,"href":"https:\/\/linitiative.ca\/International\/wp-json\/wp\/v2\/posts\/73146\/revisions"}],"wp:attachment":[{"href":"https:\/\/linitiative.ca\/International\/wp-json\/wp\/v2\/media?parent=73146"}],"wp:term":[{"taxonomy":"category","embeddable":true,"href":"https:\/\/linitiative.ca\/International\/wp-json\/wp\/v2\/categories?post=73146"},{"taxonomy":"post_tag","embeddable":true,"href":"https:\/\/linitiative.ca\/International\/wp-json\/wp\/v2\/tags?post=73146"}],"curies":[{"name":"wp","href":"https:\/\/api.w.org\/{rel}","templated":true}]}}