{"id":73148,"date":"2020-01-15T05:00:00","date_gmt":"2020-01-15T10:00:00","guid":{"rendered":"https:\/\/linitiative.ca\/International\/le-mal-de-gorge\/"},"modified":"2020-01-15T05:00:00","modified_gmt":"2020-01-15T10:00:00","slug":"le-mal-de-gorge","status":"publish","type":"post","link":"https:\/\/linitiative.ca\/International\/le-mal-de-gorge\/","title":{"rendered":"Le mal de gorge"},"content":{"rendered":"<p>Un mal de gorge peut avoir de multiples causes : la premi\u00e8re qui nous fait consulter est l\u2019angine ou la rhino-pharyngite. Les autres causes sont des irritations dues \u00e0 la pollution, au tabac, \u00e0 une irritation m\u00e9canique comme de parler trop fort, trop longtemps, de se racler la gorge, une allergie, la pr\u00e9sence d\u2019une tumeur b\u00e9nigne ou maligne\u2026 Face \u00e0 un mal de gorge persistant, il est conseill\u00e9 de consulter votre m\u00e9decin, il examinera votre gorge et fera le n\u00e9cessaire pour vous soulager.<\/p>\n<p>Auteur:<br \/>\n<a href=\"https:\/\/www.lesoirdalgerie.com\/femme-magazine\/le-mal-de-gorge-36954\">Cliquez ici pour lire l&rsquo;article depuis sa source.<\/a><\/p>\n","protected":false},"excerpt":{"rendered":"<p>Un mal de gorge peut avoir de multiples causes : la premi\u00e8re qui nous fait consulter est l\u2019angine ou la rhino-pharyngite. Les autres causes sont des irritations dues \u00e0 la pollution, au tabac, \u00e0 une irritation m\u00e9canique comme de parler trop fort, trop longtemps, de se racler la gorge, une allergie, la pr\u00e9sence d\u2019une tumeur [&hellip;]<\/p>\n","protected":false},"author":1741,"featured_media":0,"comment_status":"closed","ping_status":"closed","sticky":false,"template":"","format":"standard","meta":{"fifu_image_url":"","fifu_image_alt":"","footnotes":""},"categories":[73,53],"tags":[],"class_list":["post-73148","post","type-post","status-publish","format-standard","hentry","category-actualite","category-algerie"],"_links":{"self":[{"href":"https:\/\/linitiative.ca\/International\/wp-json\/wp\/v2\/posts\/73148","targetHints":{"allow":["GET"]}}],"collection":[{"href":"https:\/\/linitiative.ca\/International\/wp-json\/wp\/v2\/posts"}],"about":[{"href":"https:\/\/linitiative.ca\/International\/wp-json\/wp\/v2\/types\/post"}],"author":[{"embeddable":true,"href":"https:\/\/linitiative.ca\/International\/wp-json\/wp\/v2\/users\/1741"}],"replies":[{"embeddable":true,"href":"https:\/\/linitiative.ca\/International\/wp-json\/wp\/v2\/comments?post=73148"}],"version-history":[{"count":0,"href":"https:\/\/linitiative.ca\/International\/wp-json\/wp\/v2\/posts\/73148\/revisions"}],"wp:attachment":[{"href":"https:\/\/linitiative.ca\/International\/wp-json\/wp\/v2\/media?parent=73148"}],"wp:term":[{"taxonomy":"category","embeddable":true,"href":"https:\/\/linitiative.ca\/International\/wp-json\/wp\/v2\/categories?post=73148"},{"taxonomy":"post_tag","embeddable":true,"href":"https:\/\/linitiative.ca\/International\/wp-json\/wp\/v2\/tags?post=73148"}],"curies":[{"name":"wp","href":"https:\/\/api.w.org\/{rel}","templated":true}]}}