{"id":73149,"date":"2020-01-15T05:00:00","date_gmt":"2020-01-15T10:00:00","guid":{"rendered":"https:\/\/linitiative.ca\/International\/pourquoi-nos-dents-perdent-elles-de-leur-blancheur\/"},"modified":"2020-01-15T05:00:00","modified_gmt":"2020-01-15T10:00:00","slug":"pourquoi-nos-dents-perdent-elles-de-leur-blancheur","status":"publish","type":"post","link":"https:\/\/linitiative.ca\/International\/pourquoi-nos-dents-perdent-elles-de-leur-blancheur\/","title":{"rendered":"Pourquoi nos dents perdent-elles de leur blancheur"},"content":{"rendered":"<p>La couleur d\u2019une dent d\u00e9pend de sa composition, de sa structure, de l\u2019\u00e9paisseur de chacun des tissus qui la constituent (dentine, \u00e9mail). Au fil des ans, des facteurs externes et internes induisent un changement de coloration.\u00a0<br \/><strong>Les causes externes\u00a0<\/strong><br \/>&#8211; Consommation de caf\u00e9, Coca-Cola, tabac, th\u00e9, aliments fortement pigment\u00e9s ;\u00a0<br \/>&#8211; mauvaise hygi\u00e8ne ;<br \/>&#8211; action du tartre et du vieillissement.\u00a0<br \/>Les d\u00e9p\u00f4ts superficiels (plaque dentaire et tartre) peuvent influencer n\u00e9gativement la perception de la couleur. Ces d\u00e9p\u00f4ts peuvent \u00eatre minimis\u00e9s, voire \u00e9limin\u00e9s par un brossage des dents r\u00e9gulier et soigneux, et surtout par un d\u00e9tartrage en cabinet dentaire.\u00a0<br \/><strong>Les causes internes\u00a0<\/strong><br \/>&#8211; H\u00e9r\u00e9dit\u00e9 (la dentine est plus ou moins brune) ;\u00a0<br \/>&#8211; une prise excessive de fluorure pendant la formation des dents (entre la naissance et l&rsquo;\u00e2ge de 5 ans), qui conf\u00e8re aux dents un aspect \u00abtachet\u00e9\u00bb ;\u00a0<br \/>&#8211; traitements antibiotiques (t\u00e9tracyclines) pendant la formation des dents ;\u00a0<br \/>&#8211; traumatismes dentaires (d\u00e9vitalisations).<\/p>\n<p>Auteur:<br \/>\n<a href=\"https:\/\/www.lesoirdalgerie.com\/femme-magazine\/pourquoi-nos-dents-perdent-elles-de-leur-blancheur-36953\">Cliquez ici pour lire l&rsquo;article depuis sa source.<\/a><\/p>\n","protected":false},"excerpt":{"rendered":"<p>La couleur d\u2019une dent d\u00e9pend de sa composition, de sa structure, de l\u2019\u00e9paisseur de chacun des tissus qui la constituent (dentine, \u00e9mail). Au fil des ans, des facteurs externes et internes induisent un changement de coloration.\u00a0Les causes externes\u00a0&#8211; Consommation de caf\u00e9, Coca-Cola, tabac, th\u00e9, aliments fortement pigment\u00e9s ;\u00a0&#8211; mauvaise hygi\u00e8ne ;&#8211; action du tartre et [&hellip;]<\/p>\n","protected":false},"author":1741,"featured_media":0,"comment_status":"closed","ping_status":"closed","sticky":false,"template":"","format":"standard","meta":{"fifu_image_url":"","fifu_image_alt":"","footnotes":""},"categories":[73,53],"tags":[],"class_list":["post-73149","post","type-post","status-publish","format-standard","hentry","category-actualite","category-algerie"],"_links":{"self":[{"href":"https:\/\/linitiative.ca\/International\/wp-json\/wp\/v2\/posts\/73149","targetHints":{"allow":["GET"]}}],"collection":[{"href":"https:\/\/linitiative.ca\/International\/wp-json\/wp\/v2\/posts"}],"about":[{"href":"https:\/\/linitiative.ca\/International\/wp-json\/wp\/v2\/types\/post"}],"author":[{"embeddable":true,"href":"https:\/\/linitiative.ca\/International\/wp-json\/wp\/v2\/users\/1741"}],"replies":[{"embeddable":true,"href":"https:\/\/linitiative.ca\/International\/wp-json\/wp\/v2\/comments?post=73149"}],"version-history":[{"count":0,"href":"https:\/\/linitiative.ca\/International\/wp-json\/wp\/v2\/posts\/73149\/revisions"}],"wp:attachment":[{"href":"https:\/\/linitiative.ca\/International\/wp-json\/wp\/v2\/media?parent=73149"}],"wp:term":[{"taxonomy":"category","embeddable":true,"href":"https:\/\/linitiative.ca\/International\/wp-json\/wp\/v2\/categories?post=73149"},{"taxonomy":"post_tag","embeddable":true,"href":"https:\/\/linitiative.ca\/International\/wp-json\/wp\/v2\/tags?post=73149"}],"curies":[{"name":"wp","href":"https:\/\/api.w.org\/{rel}","templated":true}]}}