{"id":73152,"date":"2020-01-15T05:00:00","date_gmt":"2020-01-15T10:00:00","guid":{"rendered":"https:\/\/linitiative.ca\/International\/creme-anti-rides-maison\/"},"modified":"2020-01-15T05:00:00","modified_gmt":"2020-01-15T10:00:00","slug":"creme-anti-rides-maison","status":"publish","type":"post","link":"https:\/\/linitiative.ca\/International\/creme-anti-rides-maison\/","title":{"rendered":"Cr\u00e8me anti-rides maison"},"content":{"rendered":"<p><strong>Les bienfaits :<\/strong><br \/>Cette cr\u00e8me maison a plusieurs avantages. En l\u2019utilisant r\u00e9guli\u00e8rement, votre peau sera bien hydrat\u00e9e et les rides att\u00e9nu\u00e9es gr\u00e2ce aux vertus anti-\u00e2ge des huiles qu\u2019elle contient. En effet, l\u2019huile d\u2019olive et l\u2019huile d\u2019argan sont riches en vitamine E qui leur conf\u00e8re\u00a0 d\u2019excellentes propri\u00e9t\u00e9s antioxydantes, essentielles pour lutter contre le vieillissement cutan\u00e9. La combinaison de ces huiles, de miel et de jaune d\u2019\u0153uf r\u00e9g\u00e9n\u00e8re la peau, l\u2019adoucit, l\u2019hydrate et la prot\u00e8ge des radicaux libres.<\/p>\n<p><strong>Ingr\u00e9dients :<\/strong><br \/>2 cuill\u00e8res \u00e0 caf\u00e9 d\u2019huile d\u2019argan cosm\u00e9tique<br \/>1 jaune d\u2019\u0153uf<br \/>1 cuill\u00e8re \u00e0 caf\u00e9 de miel<br \/>1 cuill\u00e8re \u00e0 soupe d\u2019huile d\u2019olive ou d\u2019huile d\u2019amande douce<\/p>\n<p><strong>Pr\u00e9paration :<\/strong><br \/>M\u00e9langez bien l\u2019huile d\u2019olive ou d\u2019amande, l\u2019huile d\u2019argan, le jaune d\u2019\u0153uf et le miel.\u00a0<br \/>Vous pouvez utiliser le pot d\u2019une ancienne cr\u00e8me afin de conserver ce m\u00e9lange au r\u00e9frig\u00e9rateur.<\/p>\n<p><strong>Utilisation :<\/strong><br \/>Nettoyez la peau et massez-la doucement avec la cr\u00e8me.\u00a0<br \/>Au bout de 30 minutes, utilisez une lingette humide ou un mouchoir en papier imbib\u00e9 d\u2019eau pour en retirer l\u2019exc\u00e8s.<br \/>La cr\u00e8me doit \u00eatre appliqu\u00e9e au moins 2 heures avant d\u2019aller dormir pour avoir de meilleurs r\u00e9sultats.<\/p>\n<p><strong>Conseil :<\/strong> Ne jamais utiliser cette cr\u00e8me en journ\u00e9e, l\u2019huile d\u2019argan est photosensibilisante.\u00a0<\/p>\n<p>Auteur:<br \/>\n<a href=\"https:\/\/www.lesoirdalgerie.com\/femme-magazine\/creme-anti-rides-maison-36950\">Cliquez ici pour lire l&rsquo;article depuis sa source.<\/a><\/p>\n","protected":false},"excerpt":{"rendered":"<p>Les bienfaits :Cette cr\u00e8me maison a plusieurs avantages. En l\u2019utilisant r\u00e9guli\u00e8rement, votre peau sera bien hydrat\u00e9e et les rides att\u00e9nu\u00e9es gr\u00e2ce aux vertus anti-\u00e2ge des huiles qu\u2019elle contient. En effet, l\u2019huile d\u2019olive et l\u2019huile d\u2019argan sont riches en vitamine E qui leur conf\u00e8re\u00a0 d\u2019excellentes propri\u00e9t\u00e9s antioxydantes, essentielles pour lutter contre le vieillissement cutan\u00e9. La combinaison [&hellip;]<\/p>\n","protected":false},"author":1741,"featured_media":0,"comment_status":"closed","ping_status":"closed","sticky":false,"template":"","format":"standard","meta":{"fifu_image_url":"","fifu_image_alt":"","footnotes":""},"categories":[73,53],"tags":[],"class_list":["post-73152","post","type-post","status-publish","format-standard","hentry","category-actualite","category-algerie"],"_links":{"self":[{"href":"https:\/\/linitiative.ca\/International\/wp-json\/wp\/v2\/posts\/73152","targetHints":{"allow":["GET"]}}],"collection":[{"href":"https:\/\/linitiative.ca\/International\/wp-json\/wp\/v2\/posts"}],"about":[{"href":"https:\/\/linitiative.ca\/International\/wp-json\/wp\/v2\/types\/post"}],"author":[{"embeddable":true,"href":"https:\/\/linitiative.ca\/International\/wp-json\/wp\/v2\/users\/1741"}],"replies":[{"embeddable":true,"href":"https:\/\/linitiative.ca\/International\/wp-json\/wp\/v2\/comments?post=73152"}],"version-history":[{"count":0,"href":"https:\/\/linitiative.ca\/International\/wp-json\/wp\/v2\/posts\/73152\/revisions"}],"wp:attachment":[{"href":"https:\/\/linitiative.ca\/International\/wp-json\/wp\/v2\/media?parent=73152"}],"wp:term":[{"taxonomy":"category","embeddable":true,"href":"https:\/\/linitiative.ca\/International\/wp-json\/wp\/v2\/categories?post=73152"},{"taxonomy":"post_tag","embeddable":true,"href":"https:\/\/linitiative.ca\/International\/wp-json\/wp\/v2\/tags?post=73152"}],"curies":[{"name":"wp","href":"https:\/\/api.w.org\/{rel}","templated":true}]}}