{"id":73153,"date":"2020-01-15T12:08:46","date_gmt":"2020-01-15T17:08:46","guid":{"rendered":"https:\/\/linitiative.ca\/International\/opsman-consulting-lance-une-formation-certifiante-independante\/"},"modified":"2020-01-15T12:08:46","modified_gmt":"2020-01-15T17:08:46","slug":"opsman-consulting-lance-une-formation-certifiante-independante","status":"publish","type":"post","link":"https:\/\/linitiative.ca\/International\/opsman-consulting-lance-une-formation-certifiante-independante\/","title":{"rendered":"Opsman Consulting lance une formation certifiante ind\u00e9pendante"},"content":{"rendered":"<p><strong>L\u2019entr\u00e9e sur le march\u00e9 de ce sp\u00e9cialiste europ\u00e9en ind\u00e9pendant sp\u00e9cialis\u00e9 dans le conseil et la consultation en s\u00e9curit\u00e9 vise \u00e0 rehausser la qualit\u00e9 des prestations.<\/strong><\/p>\n<div class=\"c10\"\/>\n<p>Une premi\u00e8re dans le monde du gardiennage au <strong>Maroc<\/strong>. Opsman Consulting vient de conclure un partenariat avec Groupe Mondial Service, un acteur majeur du secteur de la s\u00e9curit\u00e9 priv\u00e9e pour la formation du personnel d\u2019encadrement op\u00e9rationnel de la filiale Mondial Gardiennage et ce, d\u00e8s d\u00e9but 2020.<\/p>\n<p>L\u2019entr\u00e9e sur le march\u00e9 de ce sp\u00e9cialiste europ\u00e9en ind\u00e9pendant sp\u00e9cialis\u00e9 dans le conseil et la consultation en s\u00e9curit\u00e9 (reconnu et autoris\u00e9 par le minist\u00e8re belge de l\u2019Int\u00e9rieur) vise \u00e0 rehausser la qualit\u00e9 des prestations. \u00ab La formation des agents de <strong>gardiennage<\/strong> est dans 75% des cas, un leurre commercial. Elle est l\u00e9galement obligatoire, mais n\u2019est pas d\u00e9finie encore. La soci\u00e9t\u00e9 de gardiennage est tenue de former son personnel de mani\u00e8re correcte pour qu\u2019il soit \u00e0 m\u00eame de r\u00e9aliser les missions vendues au march\u00e9. Au jour d\u2019aujourd\u2019hui, il n\u2019y a aucun contenu ou aucune obligation de volume de formation \u00bb, fait valoir le management d\u2019<strong>Opsman Consulting<\/strong>.<\/p>\n<p>En vertu de cet accord, un premier niveau de formation sera dispens\u00e9 \u00e0 tout le personnel de supervision et de management op\u00e9rationnel, soit 2 journ\u00e9es de formations ayant pour th\u00e8mes : \u00ab Le cadre l\u00e9gal de la s\u00e9curit\u00e9, au Maroc et \u00ab L\u2019organisation op\u00e9rationnelle-Proc\u00e9dures et Communication \u00bb. Cette s\u00e9ance se tiendra, dans les locaux de <strong>Mondial Gardiennage<\/strong>. Toutes les \u00e9quipes de supervision op\u00e9rationnelle de la soci\u00e9t\u00e9 Mondial Gardiennage seront form\u00e9es au cours du premier semestre 2020.<\/p>\n<div class=\"c17\">\n<fieldset class=\"c16\">\n<legend><strong><span class=\"c11\">Challenge<\/span><span class=\"c12\">news<\/span><\/strong><\/legend>\n<div class=\"c15\">Le meilleur de Challenge s\u00e9lectionn\u00e9 par la r\u00e9daction :<\/p>\n<\/div>\n<\/fieldset>\n<\/div>\n<p>Auteur: challenge<br \/>\n<a href=\"https:\/\/www.challenge.ma\/opsman-consulting-lance-une-formation-certifiante-independante-128180\/\">Cliquez ici pour lire l&rsquo;article depuis sa source.<\/a><\/p>\n","protected":false},"excerpt":{"rendered":"<p>L\u2019entr\u00e9e sur le march\u00e9 de ce sp\u00e9cialiste europ\u00e9en ind\u00e9pendant sp\u00e9cialis\u00e9 dans le conseil et la consultation en s\u00e9curit\u00e9 vise \u00e0 rehausser la qualit\u00e9 des prestations. Une premi\u00e8re dans le monde du gardiennage au Maroc. Opsman Consulting vient de conclure un partenariat avec Groupe Mondial Service, un acteur majeur du secteur de la s\u00e9curit\u00e9 priv\u00e9e pour [&hellip;]<\/p>\n","protected":false},"author":1787,"featured_media":0,"comment_status":"closed","ping_status":"closed","sticky":false,"template":"","format":"standard","meta":{"fifu_image_url":"","fifu_image_alt":"","footnotes":""},"categories":[78,54],"tags":[],"class_list":["post-73153","post","type-post","status-publish","format-standard","hentry","category-economie","category-maroc"],"_links":{"self":[{"href":"https:\/\/linitiative.ca\/International\/wp-json\/wp\/v2\/posts\/73153","targetHints":{"allow":["GET"]}}],"collection":[{"href":"https:\/\/linitiative.ca\/International\/wp-json\/wp\/v2\/posts"}],"about":[{"href":"https:\/\/linitiative.ca\/International\/wp-json\/wp\/v2\/types\/post"}],"author":[{"embeddable":true,"href":"https:\/\/linitiative.ca\/International\/wp-json\/wp\/v2\/users\/1787"}],"replies":[{"embeddable":true,"href":"https:\/\/linitiative.ca\/International\/wp-json\/wp\/v2\/comments?post=73153"}],"version-history":[{"count":0,"href":"https:\/\/linitiative.ca\/International\/wp-json\/wp\/v2\/posts\/73153\/revisions"}],"wp:attachment":[{"href":"https:\/\/linitiative.ca\/International\/wp-json\/wp\/v2\/media?parent=73153"}],"wp:term":[{"taxonomy":"category","embeddable":true,"href":"https:\/\/linitiative.ca\/International\/wp-json\/wp\/v2\/categories?post=73153"},{"taxonomy":"post_tag","embeddable":true,"href":"https:\/\/linitiative.ca\/International\/wp-json\/wp\/v2\/tags?post=73153"}],"curies":[{"name":"wp","href":"https:\/\/api.w.org\/{rel}","templated":true}]}}