{"id":73156,"date":"2020-01-15T14:33:11","date_gmt":"2020-01-15T19:33:11","guid":{"rendered":"https:\/\/linitiative.ca\/International\/trophees-de-lautomobile-peugeot-signe-un-triple\/"},"modified":"2020-01-15T14:33:11","modified_gmt":"2020-01-15T19:33:11","slug":"trophees-de-lautomobile-peugeot-signe-un-triple","status":"publish","type":"post","link":"https:\/\/linitiative.ca\/International\/trophees-de-lautomobile-peugeot-signe-un-triple\/","title":{"rendered":"Troph\u00e9es de l\u2019automobile : Peugeot signe un tripl\u00e9"},"content":{"rendered":"<p><strong>Apr\u00e8s la 3008 en 2018 et la 508 en 2019, c\u2019est au tour de la Peugeot 208 d\u2019\u00eatre sacr\u00e9e voiture de l\u2019ann\u00e9e 2020 lors de la 11<sup>\u00e8me<\/sup> \u00e9dition des Troph\u00e9es de l\u2019automobile organis\u00e9e par le magazine Autonews.<\/strong><\/p>\n<div class=\"c10\"\/>\n<p>Au terme des essais dynamiques, le jury, compos\u00e9 de journalistes, professionnels et experts en automobile, a eu \u00e0 d\u00e9partager les cinq voitures finalistes apr\u00e8s un vote de quelque 53.800 internautes, \u00e0 savoir la BMW S\u00e9rie 3, la Citro\u00ebn C5 Aircross, Hyundai Accent, la Peugeot 208 et la Range Rover Evoque. Et c\u2019est finalement la Peugeot 208 qui a \u00e9merg\u00e9 du lot.<\/p>\n<p>\u00ab\u00a0La <strong>Peugeot 208<\/strong> est produite au Maroc. C\u2019est donc un r\u00e9el plaisir de la voir remporter ce Troph\u00e9e\u00a0\u00bb, s\u2019est f\u00e9licit\u00e9e la directrice g\u00e9n\u00e9rale du magazine Autonews, Fatima Ouriaghli, ajoutant que c\u2019est un honneur pour le Maroc d\u2019avoir une voiture de fabrication nationale ayant r\u00e9ussi \u00e0 relever le d\u00e9fi de la concurrence face \u00e0 de tr\u00e8s puissantes voitures. Ce Prix t\u00e9moigne aussi de la place qu\u2019occupe la Maroc dans l\u2019industrie de l\u2019automobile \u00e0 l\u2019\u00e9chelle internationale comme \u00e9tant un pays qui fabrique des produits de \u00ab\u00a0grande valeur\u00a0\u00bb, a-t-elle affirm\u00e9.<\/p>\n<p>Lire aussi : <a href=\"https:\/\/www.challenge.ma\/peugeot-208-sa-commercialisation-debute-incessamment-122822\/\" target=\"_blank\" rel=\"noreferrer noopener\" aria-label=\" (s\u2019ouvre dans un nouvel onglet)\">Peugeot 208 : sa commercialisation d\u00e9bute incessamment<\/a><\/p>\n<p>De son c\u00f4t\u00e9, Younes Saih, membre du jury et expert en <strong>automobile<\/strong> aupr\u00e8s de compagnies d\u2019assurances marocaines, a expliqu\u00e9 qu\u2019apr\u00e8s le vote des internautes, les cinq voitures finalistes ont \u00e9t\u00e9 soumises \u00e0 de nombreux tests techniques effectu\u00e9s par les membres du jury, consistant en une conduite sur route et devant r\u00e9pondre \u00e0 un certain nombre de crit\u00e8res, notamment celui relatif \u00e0 la s\u00e9curit\u00e9, \u00e0 l\u2019\u00e9quipement, \u00e0 l\u2019esth\u00e9tique, mais aussi \u00e0 l\u2019environnement.<\/p>\n<p>Pour Yves Bey-Rozet, doyen de la presse automobile fran\u00e7aise et membre du jury, le choix s\u2019est bas\u00e9 essentiellement sur le progr\u00e8s r\u00e9alis\u00e9 d\u2019un mod\u00e8le \u00e0 l\u2019autre et sur la concurrence au march\u00e9, \u00e9tant donn\u00e9 que les gammes sont incomparables.<\/p>\n<div class=\"c17\">\n<fieldset class=\"c16\">\n<legend><strong><span class=\"c11\">Challenge<\/span><span class=\"c12\">news<\/span><\/strong><\/legend>\n<div class=\"c15\">Le meilleur de Challenge s\u00e9lectionn\u00e9 par la r\u00e9daction :<\/p>\n<\/div>\n<\/fieldset>\n<\/div>\n<p>Auteur: challenge<br \/>\n<a href=\"https:\/\/www.challenge.ma\/trophees-de-lautomobile-peugeot-signe-un-triple-128192\/\">Cliquez ici pour lire l&rsquo;article depuis sa source.<\/a><\/p>\n","protected":false},"excerpt":{"rendered":"<p>Apr\u00e8s la 3008 en 2018 et la 508 en 2019, c\u2019est au tour de la Peugeot 208 d\u2019\u00eatre sacr\u00e9e voiture de l\u2019ann\u00e9e 2020 lors de la 11\u00e8me \u00e9dition des Troph\u00e9es de l\u2019automobile organis\u00e9e par le magazine Autonews. Au terme des essais dynamiques, le jury, compos\u00e9 de journalistes, professionnels et experts en automobile, a eu \u00e0 [&hellip;]<\/p>\n","protected":false},"author":1787,"featured_media":0,"comment_status":"closed","ping_status":"closed","sticky":false,"template":"","format":"standard","meta":{"fifu_image_url":"","fifu_image_alt":"","footnotes":""},"categories":[78,54],"tags":[],"class_list":["post-73156","post","type-post","status-publish","format-standard","hentry","category-economie","category-maroc"],"_links":{"self":[{"href":"https:\/\/linitiative.ca\/International\/wp-json\/wp\/v2\/posts\/73156","targetHints":{"allow":["GET"]}}],"collection":[{"href":"https:\/\/linitiative.ca\/International\/wp-json\/wp\/v2\/posts"}],"about":[{"href":"https:\/\/linitiative.ca\/International\/wp-json\/wp\/v2\/types\/post"}],"author":[{"embeddable":true,"href":"https:\/\/linitiative.ca\/International\/wp-json\/wp\/v2\/users\/1787"}],"replies":[{"embeddable":true,"href":"https:\/\/linitiative.ca\/International\/wp-json\/wp\/v2\/comments?post=73156"}],"version-history":[{"count":0,"href":"https:\/\/linitiative.ca\/International\/wp-json\/wp\/v2\/posts\/73156\/revisions"}],"wp:attachment":[{"href":"https:\/\/linitiative.ca\/International\/wp-json\/wp\/v2\/media?parent=73156"}],"wp:term":[{"taxonomy":"category","embeddable":true,"href":"https:\/\/linitiative.ca\/International\/wp-json\/wp\/v2\/categories?post=73156"},{"taxonomy":"post_tag","embeddable":true,"href":"https:\/\/linitiative.ca\/International\/wp-json\/wp\/v2\/tags?post=73156"}],"curies":[{"name":"wp","href":"https:\/\/api.w.org\/{rel}","templated":true}]}}