{"id":73159,"date":"2020-01-15T16:04:50","date_gmt":"2020-01-15T21:04:50","guid":{"rendered":"https:\/\/linitiative.ca\/International\/tunisie-kais-saied-recoit-une-delegation-des-sit-inneurs-dal-kamour\/"},"modified":"2020-01-15T16:04:50","modified_gmt":"2020-01-15T21:04:50","slug":"tunisie-kais-saied-recoit-une-delegation-des-sit-inneurs-dal-kamour","status":"publish","type":"post","link":"https:\/\/linitiative.ca\/International\/tunisie-kais-saied-recoit-une-delegation-des-sit-inneurs-dal-kamour\/","title":{"rendered":"Tunisie \u2013 Ka\u00efs Sa\u00efed re\u00e7oit une d\u00e9l\u00e9gation des sit-inneurs d\u2019Al Kamour"},"content":{"rendered":"<div class=\"post-cont-in left relative\">\n<p>Le pr\u00e9sident de la R\u00e9publique, Ka\u00efs Sa\u00eeed a re\u00e7u cet apr\u00e8s midi, au palais pr\u00e9sidentiel de Carthage, une d\u00e9l\u00e9gation des sit-ineurs d\u2019El Kamour, venus lui expliquer leur mal-\u00eatre et leur situation pr\u00e9caire \u00e0 cause de la non application des accords qu\u2019ils avaient conclu avec le gouvernement, depuis 2017. Ils lui ont, de m\u00eame, pr\u00e9sent\u00e9 des propositions de projets pour promouvoir le tourisme et l\u2019industrie dans la r\u00e9gion.<\/p>\n<div class=\"code-block code-block-1 c3\"><ins class=\"adsbygoogle c2\" data-ad-layout=\"in-article\" data-ad-format=\"fluid\" data-ad-client=\"ca-pub-2102118777505746\" data-ad-slot=\"7301775417\"\/> <\/div>\n<p>Sa\u00efed leur a expliqu\u00e9 que la question d\u2019Al Kamour est une affaire nationale et ne concerne pas que les\u00a0 jeunes de la r\u00e9gion. Il leur a assur\u00e9 qu\u2019il\u00a0allait\u00a0faire\u00a0en sorte que leur situation soit d\u00e9bloqu\u00e9e\u00a0gr\u00e2ce \u00e0 une\u00a0approche de d\u00e9centralisation qui coupera avec les anciennes politiques de d\u00e9veloppement.<\/p>\n<p>Il a, \u00e0 l\u2019occasion, obtenu d\u2019eux qu\u2019il suspendent leurs protestations, en attendant de trouver des solutions pratiques \u00e0 leurs probl\u00e8mes.<\/p>\n<div class=\"swp_social_panel swp_horizontal_panel swp_flat_fresh swp_default_full_color swp_individual_full_color swp_other_full_color scale-100 scale-\" data-min-width=\"1100\" data-float-color=\"#ffffff\" data-float=\"bottom\" data-float-mobile=\"bottom\" data-transition=\"slide\">\n<div class=\"nc_tweetContainer swp_share_button total_shares total_sharesalt\"><span class=\"swp_count\">7 <span class=\"swp_label\">Partages<\/span><\/span><\/div>\n<\/div>\n<p><strong>Que se passe-t-il en Tunisie?<\/strong><br \/>Nous expliquons sur notre <a href=\"https:\/\/www.youtube.com\/channel\/UCRzypVq0B_yBad5eGrwBx0Q?sub_confirmation=1\" target=\"_blank\" rel=\"noopener noreferrer\">cha\u00eene YouTube<\/a> . <a href=\"https:\/\/www.youtube.com\/channel\/UCRzypVq0B_yBad5eGrwBx0Q?sub_confirmation=1\" target=\"_blank\" rel=\"noopener noreferrer\">Abonnez-vous!<\/a><\/p>\n<div class=\"mvp-org-wrap mvp-org-logo\" itemprop=\"publisher\" itemscope=\"\" itemtype=\"https:\/\/schema.org\/Organization\"><img decoding=\"async\" src=\"https:\/\/www.tunisienumerique.com\/wp-content\/uploads\/2017\/02\/logo_tunisie_numerique.png\"\/><\/div>\n<div class=\"mvp-related-posts left relative\">\n<h4 class=\"post-header\"><span class=\"post-header\">Lire aussi<\/span><\/h4>\n<\/div>\n<\/div>\n<p>Auteur: LM<br \/>\n<a href=\"https:\/\/www.tunisienumerique.com\/tunisie-kais-saied-recoit-une-delegation-des-sit-inneurs-dal-kamour\/\">Cliquez ici pour lire l&rsquo;article depuis sa source.<\/a><\/p>\n","protected":false},"excerpt":{"rendered":"<p>Le pr\u00e9sident de la R\u00e9publique, Ka\u00efs Sa\u00eeed a re\u00e7u cet apr\u00e8s midi, au palais pr\u00e9sidentiel de Carthage, une d\u00e9l\u00e9gation des sit-ineurs d\u2019El Kamour, venus lui expliquer leur mal-\u00eatre et leur situation pr\u00e9caire \u00e0 cause de la non application des accords qu\u2019ils avaient conclu avec le gouvernement, depuis 2017. Ils lui ont, de m\u00eame, pr\u00e9sent\u00e9 des [&hellip;]<\/p>\n","protected":false},"author":1789,"featured_media":73160,"comment_status":"closed","ping_status":"closed","sticky":false,"template":"","format":"standard","meta":{"fifu_image_url":"","fifu_image_alt":"","footnotes":""},"categories":[73,55],"tags":[],"class_list":["post-73159","post","type-post","status-publish","format-standard","has-post-thumbnail","hentry","category-actualite","category-tunisie"],"_links":{"self":[{"href":"https:\/\/linitiative.ca\/International\/wp-json\/wp\/v2\/posts\/73159","targetHints":{"allow":["GET"]}}],"collection":[{"href":"https:\/\/linitiative.ca\/International\/wp-json\/wp\/v2\/posts"}],"about":[{"href":"https:\/\/linitiative.ca\/International\/wp-json\/wp\/v2\/types\/post"}],"author":[{"embeddable":true,"href":"https:\/\/linitiative.ca\/International\/wp-json\/wp\/v2\/users\/1789"}],"replies":[{"embeddable":true,"href":"https:\/\/linitiative.ca\/International\/wp-json\/wp\/v2\/comments?post=73159"}],"version-history":[{"count":0,"href":"https:\/\/linitiative.ca\/International\/wp-json\/wp\/v2\/posts\/73159\/revisions"}],"wp:featuredmedia":[{"embeddable":true,"href":"https:\/\/linitiative.ca\/International\/wp-json\/"}],"wp:attachment":[{"href":"https:\/\/linitiative.ca\/International\/wp-json\/wp\/v2\/media?parent=73159"}],"wp:term":[{"taxonomy":"category","embeddable":true,"href":"https:\/\/linitiative.ca\/International\/wp-json\/wp\/v2\/categories?post=73159"},{"taxonomy":"post_tag","embeddable":true,"href":"https:\/\/linitiative.ca\/International\/wp-json\/wp\/v2\/tags?post=73159"}],"curies":[{"name":"wp","href":"https:\/\/api.w.org\/{rel}","templated":true}]}}