{"id":73170,"date":"2020-01-15T14:46:56","date_gmt":"2020-01-15T19:46:56","guid":{"rendered":"https:\/\/linitiative.ca\/International\/conclusions-du-sommet-de-pau\/"},"modified":"2020-01-15T14:46:56","modified_gmt":"2020-01-15T19:46:56","slug":"conclusions-du-sommet-de-pau","status":"publish","type":"post","link":"https:\/\/linitiative.ca\/International\/conclusions-du-sommet-de-pau\/","title":{"rendered":"CONCLUSIONS DU SOMMET DE PAU"},"content":{"rendered":"<div class=\"stream-item stream-item-above-post-content\">\n<p><noscript><\/p>\n<p><a href=\"\/\/www3.smartadserver.com\/ac?jump=1&#038;nwid=2136&#038;siteid=240610&#038;pgname=rg&#038;fmtid=49046&#038;visit=m&#038;tmstp=[timestamp]&#038;out=nonrich\" target=\"_blank\" rel=\"noopener noreferrer\"><img decoding=\"async\" src=\"\/\/www3.smartadserver.com\/ac?out=nonrich&#038;nwid=2136&#038;siteid=240610&#038;pgname=rg&#038;fmtid=49046&#038;visit=m&#038;tmstp=[timestamp]\" border=\"0\" alt=\"\"\/><\/a><\/p>\n<p><\/noscript><\/div>\n<p class=\"c3\"><em>Exit<\/em> donc la rencontre de Pau, entre le pr\u00e9sident fran\u00e7ais, Emmanuel Macron, et ses pairs africains du G5 Sahel, consacr\u00e9e \u00e0 l\u2019actualit\u00e9 br\u00fblante de la lutte contre le terrorisme dans cette r\u00e9gion.\u00a0 Avant leur d\u00e9part du sud-ouest de la France, le 13 janvier dernier, les chefs d\u2019Etat ont r\u00e9affirm\u00e9 leur d\u00e9termination commune \u00e0 combattre les groupes terroristes qui \u00e9cument la bande sah\u00e9lo-saharienne. Mais ce n\u2019est pas tout\u00a0: les dirigeants pr\u00e9sents \u00e0 Pau, ont pris des engagements parmi lesquels la prise <em>\u00ab\u00a0de mesures s\u00e9curitaires visant \u00e0 acc\u00e9l\u00e9rer un retour de l\u2019Administration et des services publics sur l\u2019ensemble des territoires concern\u00e9s par cette question\u00a0\u00bb.<\/em>\u00a0 En particulier, ils ont pris la r\u00e9solution \u00ab\u00a0d\u2019<em>accompagner les efforts de l\u2019Etat malien dans la mise<\/em> <em>en \u0153uvre rapide des engagements politiques, pour le retour des Forces de d\u00e9fense et de s\u00e9curit\u00e9 (FDS), de l\u2019Administration et des services sociaux de base dans les r\u00e9gions du Nord et du Centre\u00a0\u00bb.<\/em> A travers leur d\u00e9claration commune en-dessous de laquelle, ils ont appos\u00e9 leur signature, faut-il lire, en filigrane, leur d\u00e9cision d\u2019en finir avec l\u2019\u00e9pineux et terrifiant statut de Kidal, cet Etat dans l\u2019Etat, lequel statut singulier continue de causer le malheur du Mali et des pays voisins\u00a0?\u00a0 Si c\u2019est le cas, c\u2019est tant mieux.<\/p>\n<p><strong>\u00a0<\/strong><\/p>\n<p><strong>Si la paix au Mali, \u00e9tendue \u00e0 l\u2019ensemble de la r\u00e9gion du Sahel, doit passer par l\u00e0, l\u2019abc\u00e8s vaut la peine d\u2019\u00eatre crev\u00e9e<\/strong><\/p>\n<p><strong>\u00a0<\/strong><\/p>\n<p class=\"c3\">On pourra alors dire que Pau aura permis de mettre le doigt sur la plaie purulente de la trag\u00e9die s\u00e9curitaire au Sahel.\u00a0 Restera alors pour les partenaires, \u00e0 se donner la volont\u00e9, mais aussi et surtout les moyens de venir \u00e0 bout de l\u2019enclave rebelle.\u00a0 Car, une chose est de coucher sur le papier, de bonnes intentions, une autre en est de les faire appliquer. \u00a0\u00a0D\u2019autant que face \u00e0 une telle occurrence, les groupes arm\u00e9s rebelles qui ont fait de Kidal, leur repaire,\u00a0ne resteront certainement pas les bras crois\u00e9s. Leur r\u00e9action pourrait \u00eatre \u00e0 la hauteur de \u00ab\u00a0<em>l\u2019affront<\/em>\u00a0\u00bb, si la r\u00e9solution venait \u00e0 \u00eatre effective.\u00a0 En tous les cas, on imagine d\u00e9j\u00e0 que sa mise en \u0153uvre ne sera pas une mince affaire.\u00a0 Mais si la paix au Mali, \u00e9tendue \u00e0 l\u2019ensemble de la r\u00e9gion du Sahel, doit passer par l\u00e0, l\u2019abc\u00e8s vaut la peine d\u2019\u00eatre crev\u00e9e. Car, tant que la probl\u00e9matique et lancinante question de ce statut demeurera, la s\u00e9curit\u00e9 au Sahel restera, pour longtemps encore,\u00a0une vue de l\u2019esprit.<\/p>\n<p><strong><em>\u00ab\u00a0Le Pays\u00a0\u00bb<\/em><\/strong><\/p>\n<p>Auteur: Le Pays<br \/>\n<a href=\"http:\/\/lepays.bf\/conclusions-du-sommet-de-pau\/\">Cliquez ici pour lire l&rsquo;article depuis sa source.<\/a><\/p>\n","protected":false},"excerpt":{"rendered":"<p>Exit donc la rencontre de Pau, entre le pr\u00e9sident fran\u00e7ais, Emmanuel Macron, et ses pairs africains du G5 Sahel, consacr\u00e9e \u00e0 l\u2019actualit\u00e9 br\u00fblante de la lutte contre le terrorisme dans cette r\u00e9gion.\u00a0 Avant leur d\u00e9part du sud-ouest de la France, le 13 janvier dernier, les chefs d\u2019Etat ont r\u00e9affirm\u00e9 leur d\u00e9termination commune \u00e0 combattre les [&hellip;]<\/p>\n","protected":false},"author":1813,"featured_media":0,"comment_status":"closed","ping_status":"closed","sticky":false,"template":"","format":"standard","meta":{"fifu_image_url":"","fifu_image_alt":"","footnotes":""},"categories":[73,81],"tags":[],"class_list":["post-73170","post","type-post","status-publish","format-standard","hentry","category-actualite","category-burkina-faso"],"_links":{"self":[{"href":"https:\/\/linitiative.ca\/International\/wp-json\/wp\/v2\/posts\/73170","targetHints":{"allow":["GET"]}}],"collection":[{"href":"https:\/\/linitiative.ca\/International\/wp-json\/wp\/v2\/posts"}],"about":[{"href":"https:\/\/linitiative.ca\/International\/wp-json\/wp\/v2\/types\/post"}],"author":[{"embeddable":true,"href":"https:\/\/linitiative.ca\/International\/wp-json\/wp\/v2\/users\/1813"}],"replies":[{"embeddable":true,"href":"https:\/\/linitiative.ca\/International\/wp-json\/wp\/v2\/comments?post=73170"}],"version-history":[{"count":0,"href":"https:\/\/linitiative.ca\/International\/wp-json\/wp\/v2\/posts\/73170\/revisions"}],"wp:attachment":[{"href":"https:\/\/linitiative.ca\/International\/wp-json\/wp\/v2\/media?parent=73170"}],"wp:term":[{"taxonomy":"category","embeddable":true,"href":"https:\/\/linitiative.ca\/International\/wp-json\/wp\/v2\/categories?post=73170"},{"taxonomy":"post_tag","embeddable":true,"href":"https:\/\/linitiative.ca\/International\/wp-json\/wp\/v2\/tags?post=73170"}],"curies":[{"name":"wp","href":"https:\/\/api.w.org\/{rel}","templated":true}]}}