{"id":73172,"date":"2020-01-15T14:50:03","date_gmt":"2020-01-15T19:50:03","guid":{"rendered":"https:\/\/linitiative.ca\/International\/syrie-18-civils-tues-dans-des-raids-du-regime-a-idleb\/"},"modified":"2020-01-15T14:50:03","modified_gmt":"2020-01-15T19:50:03","slug":"syrie-18-civils-tues-dans-des-raids-du-regime-a-idleb","status":"publish","type":"post","link":"https:\/\/linitiative.ca\/International\/syrie-18-civils-tues-dans-des-raids-du-regime-a-idleb\/","title":{"rendered":"Syrie: 18 civils tu\u00e9s dans des raids du r\u00e9gime \u00e0 Idleb"},"content":{"rendered":"<div readability=\"32\">\n<p>Publi\u00e9 le 15.01.2020 \u00e0 20h50 par AFP<\/p>\n<\/div>\n<div readability=\"119\">\n<p>Au moins dix-huit civils ont \u00e9t\u00e9 tu\u00e9s mercredi en Syrie dans des raids a\u00e9riens du r\u00e9gime de Bachar al-Assad contre la province d\u2019Idleb, selon un nouveau bilan d\u2019une ONG, malgr\u00e9 une tr\u00eave d\u00e9voil\u00e9e la semaine derni\u00e8re par Moscou et Ankara pour cette r\u00e9gion.<\/p>\n<p>Dans un premier bilan, l\u2019Observatoire syrien des droits de l\u2019Homme (OSDH) a fait \u00e9tat de neuf civils tu\u00e9s dans les frappes ayant vis\u00e9 la ville d\u2019Idleb, dans le nord-ouest syrien et de 20 bless\u00e9s.<\/p>\n<p>Le bilan s\u2019est \u00e9lev\u00e9 \u00e0 18 civils apr\u00e8s le d\u00e9gagement des d\u00e9combres de nouveaux corps, dont ceux de deux enfants et d\u2019un secouriste, a indiqu\u00e9 \u00e0 l\u2019AFP Rami Abdel Rahmane, directeur de l\u2019OSDH.<\/p>\n<p>Les raids ont touch\u00e9 un march\u00e9 et une zone regroupant des ateliers, dont des garages m\u00e9caniques, selon la m\u00eame source.<\/p>\n<p>Moscou, grand alli\u00e9 du r\u00e9gime, avait annonc\u00e9 le 9 janvier une tr\u00eave pour Idleb, et la Turquie, parrain de certains groupes rebelles, avait confirm\u00e9 cette initiative qui est cens\u00e9e avoir d\u00e9but\u00e9 dimanche.<\/p>\n<p>L\u2019OSDH a cependant rapport\u00e9 mercredi \u00ab\u00a0plus d\u2019une centaine de frappes men\u00e9es par des avions syriens ou russes sur la province d\u2019Idleb\u00a0\u00bb.<\/p>\n<p>Un correspondant de l\u2019AFP a vu des corps carbonis\u00e9s ou d\u00e9chiquet\u00e9s pris au pi\u00e8ge de v\u00e9hicules. Les secouristes tentaient de sortir des victimes des ateliers.<\/p>\n<p>Courant vers le site touch\u00e9, Moustafa, le propri\u00e9taire d\u2019un atelier, se frappait la t\u00eate en pleurant.<\/p>\n<p>\u00ab\u00a0J\u2019ai quatre ouvriers, tous des jeunes. Je les ai laiss\u00e9s pour aller chercher des pi\u00e8ces de rechange. A mon retour, ils \u00e9taient sous les d\u00e9combres\u00a0\u00bb, raconte-t-il.<\/p>\n<p>Le r\u00e9gime se dit d\u00e9termin\u00e9 \u00e0 reconqu\u00e9rir la r\u00e9gion d\u2019Idleb, domin\u00e9e par les jihadistes de Hayat Tahrir al-Cham (HTS, ex-branche syrienne d\u2019Al-Qa\u00efda) et qui accueille aussi des groupes rebelles affaiblis.<\/p>\n<p>Au moins 18 civils, dont six enfants, ont \u00e9t\u00e9 tu\u00e9s samedi dans des frappes du r\u00e9gime syrien sur la province d\u2019Idleb, selon la m\u00eame source.<\/p>\n<p>L\u2019agence de coordination humanitaire des Nations unies (OCHA) a affirm\u00e9 que depuis le 1er d\u00e9cembre 2019, pr\u00e8s de 350.000 personnes avaient fui leurs maisons, principalement de la province d\u2019Idleb, s\u2019\u00e9loignant des hostilit\u00e9s.<\/p>\n<p>Entre fin avril et fin ao\u00fbt, le r\u00e9gime \u00e9paul\u00e9 par l\u2019aviation russe avait d\u00e9j\u00e0 intensifi\u00e9 ses bombardements, les violences ayant tu\u00e9 pr\u00e8s d\u2019un millier de civils dans le secteur, selon l\u2019OSDH.<\/p>\n<p>A l\u2019\u00e9poque d\u00e9j\u00e0, Moscou avait d\u00e9voil\u00e9 un cessez-le-feu fin ao\u00fbt, mais cela n\u2019avait pas emp\u00each\u00e9 par la suite une reprise des hostilit\u00e9s.<\/p>\n<p>Le conflit en Syrie, d\u00e9clench\u00e9 en mars 2011 avec la r\u00e9pression de manifestations prod\u00e9mocratie par Damas, a fait plus de 380.000 morts dont plus de 115.000 civils, et des millions de d\u00e9plac\u00e9s et r\u00e9fugi\u00e9s.<\/p>\n<\/div>\n<p>Auteur: AFP<br \/>\n<a href=\"https:\/\/www.journalducameroun.com\/syrie-18-civils-tues-dans-des-raids-du-regime-a-idleb\/\">Cliquez ici pour lire l&rsquo;article depuis sa source.<\/a><\/p>\n","protected":false},"excerpt":{"rendered":"<p>Publi\u00e9 le 15.01.2020 \u00e0 20h50 par AFP Au moins dix-huit civils ont \u00e9t\u00e9 tu\u00e9s mercredi en Syrie dans des raids a\u00e9riens du r\u00e9gime de Bachar al-Assad contre la province d\u2019Idleb, selon un nouveau bilan d\u2019une ONG, malgr\u00e9 une tr\u00eave d\u00e9voil\u00e9e la semaine derni\u00e8re par Moscou et Ankara pour cette r\u00e9gion. Dans un premier bilan, l\u2019Observatoire [&hellip;]<\/p>\n","protected":false},"author":1965,"featured_media":0,"comment_status":"closed","ping_status":"closed","sticky":false,"template":"","format":"standard","meta":{"fifu_image_url":"","fifu_image_alt":"","footnotes":""},"categories":[73,82],"tags":[],"class_list":["post-73172","post","type-post","status-publish","format-standard","hentry","category-actualite","category-cameroun"],"_links":{"self":[{"href":"https:\/\/linitiative.ca\/International\/wp-json\/wp\/v2\/posts\/73172","targetHints":{"allow":["GET"]}}],"collection":[{"href":"https:\/\/linitiative.ca\/International\/wp-json\/wp\/v2\/posts"}],"about":[{"href":"https:\/\/linitiative.ca\/International\/wp-json\/wp\/v2\/types\/post"}],"author":[{"embeddable":true,"href":"https:\/\/linitiative.ca\/International\/wp-json\/wp\/v2\/users\/1965"}],"replies":[{"embeddable":true,"href":"https:\/\/linitiative.ca\/International\/wp-json\/wp\/v2\/comments?post=73172"}],"version-history":[{"count":0,"href":"https:\/\/linitiative.ca\/International\/wp-json\/wp\/v2\/posts\/73172\/revisions"}],"wp:attachment":[{"href":"https:\/\/linitiative.ca\/International\/wp-json\/wp\/v2\/media?parent=73172"}],"wp:term":[{"taxonomy":"category","embeddable":true,"href":"https:\/\/linitiative.ca\/International\/wp-json\/wp\/v2\/categories?post=73172"},{"taxonomy":"post_tag","embeddable":true,"href":"https:\/\/linitiative.ca\/International\/wp-json\/wp\/v2\/tags?post=73172"}],"curies":[{"name":"wp","href":"https:\/\/api.w.org\/{rel}","templated":true}]}}