{"id":73173,"date":"2020-01-15T14:50:05","date_gmt":"2020-01-15T19:50:05","guid":{"rendered":"https:\/\/linitiative.ca\/International\/le-proces-en-destitution-de-trump-bouscule-la-primaire-democrate\/"},"modified":"2020-01-15T14:50:05","modified_gmt":"2020-01-15T19:50:05","slug":"le-proces-en-destitution-de-trump-bouscule-la-primaire-democrate","status":"publish","type":"post","link":"https:\/\/linitiative.ca\/International\/le-proces-en-destitution-de-trump-bouscule-la-primaire-democrate\/","title":{"rendered":"Le proc\u00e8s en destitution de Trump bouscule la primaire d\u00e9mocrate"},"content":{"rendered":"<div readability=\"32\">\n<p>Publi\u00e9 le 15.01.2020 \u00e0 20h50 par AFP<\/p>\n<\/div>\n<div readability=\"143\">\n<p>Le proc\u00e8s historique en destitution de Donald Trump aura un impact in\u00e9dit sur la campagne pr\u00e9sidentielle am\u00e9ricaine: quatre s\u00e9nateurs candidats \u00e0 l\u2019investiture d\u00e9mocrate seront coinc\u00e9s \u00e0 Washington pour les d\u00e9bats avant le premier vote des primaires dans l\u2019Iowa, Etat o\u00f9 la pr\u00e9sence sur le terrain est jug\u00e9e cruciale.<\/p>\n<p>Un sc\u00e9nario cauchemardesque pour des politiques en campagne qui frappe deux des grands favoris, les s\u00e9nateurs progressistes Elizabeth Warren et Bernie Sanders, tout en pouvant b\u00e9n\u00e9ficier aux deux candidats mod\u00e9r\u00e9s du peloton de t\u00eate qui ne sont pas \u00e9lus au Congr\u00e8s: le favori Joe Biden et l\u2019ancien maire Pete Buttigieg.<\/p>\n<p>Les deux autres s\u00e9nateurs affect\u00e9s, les mod\u00e9r\u00e9s Amy Klobuchar et Michael Bennet, \u00e9voluent bien plus bas dans les sondages.<\/p>\n<p>Les 100 s\u00e9nateurs am\u00e9ricains seront les jur\u00e9s du proc\u00e8s en destitution qui devrait s\u2019ouvrir au S\u00e9nat la semaine prochaine et pourrait durer jusqu\u2019en f\u00e9vrier.<\/p>\n<p>Ils devront suivre toute la proc\u00e9dure en silence, ne pouvant peut-\u00eatre s\u2019\u00e9chapper que le samedi apr\u00e8s-midi et le dimanche pour prendre des vols directs pour l\u2019Iowa.<\/p>\n<p>\u00ab\u00a0Nous avons un proc\u00e8s en destitution et je serai l\u00e0 car c\u2019est ma responsabilit\u00e9\u00a0\u00bb, a d\u00e9clar\u00e9 Elizabeth Warren mardi soir lors du dernier d\u00e9bat d\u00e9mocrate avant le scrutin du 3 f\u00e9vrier dans l\u2019Iowa.<\/p>\n<p>Cet Etat rural peu peupl\u00e9 occupe une place gigantesque sur le calendrier politique am\u00e9ricain car, \u00e9tant le premier \u00e0 voter dans les primaires, il a le pouvoir d\u2019influencer la course pour choisir qui d\u00e9fiera le r\u00e9publicain Donald Trump en novembre.<\/p>\n<p>Et ses \u00e9lecteurs sont connus pour appr\u00e9cier les petites rencontres avec les candidats, qui sillonnent l\u2019Iowa depuis des mois, parlant dans les fermes, les caf\u00e9s\u2026<\/p>\n<p>A moins de trois semaines des \u00ab\u00a0caucus\u00a0\u00bb de l\u2019Iowa, ces soir\u00e9es \u00e9lectorales atypiques o\u00f9 les \u00e9lecteurs se rangent physiquement d\u2019un c\u00f4t\u00e9 ou l\u2019autre de la salle selon le candidat qu\u2019ils soutiennent, l\u2019impact sur la campagne des s\u00e9nateurs pourraient \u00eatre brutal.<\/p>\n<p>D\u2019autant que le proc\u00e8s les emp\u00eachera aussi de faire autant campagne que pr\u00e9vu dans l\u2019Etat du New Hampshire qui votera juste apr\u00e8s, le 11 f\u00e9vrier.<\/p>\n<p>\u00ab\u00a0Certaines choses sont plus importantes que la politique. J\u2019ai pr\u00eat\u00e9 serment pour d\u00e9fendre la Constitution des Etats-Unis. Elle \u00e9tablit que personne n\u2019est au-dessus des lois et cela inclut le pr\u00e9sident\u00a0\u00bb, a ajout\u00e9 Mme Warren lors du d\u00e9bat, refl\u00e9tant l\u2019argument repris par les autres s\u00e9nateurs candidats.<\/p>\n<p>\u2013 Avantager Biden? \u2013<\/p>\n<p>Dans un vote historique, la Chambre des repr\u00e9sentants, contr\u00f4l\u00e9e par les d\u00e9mocrates, a adopt\u00e9 le 18 d\u00e9cembre deux chefs d\u2019accusation contre le milliardaire: abus de pouvoir et entrave \u00e0 la bonne marche du Congr\u00e8s.<\/p>\n<p>La pr\u00e9sidente d\u00e9mocrate de la Chambre Nancy Pelosi a ensuite tard\u00e9 \u00e0 faire approuver la transmission de l\u2019acte d\u2019accusation au S\u00e9nat, aux mains des r\u00e9publicains, jusqu\u2019\u00e0 ce mercredi.<\/p>\n<p>De quoi faire soup\u00e7onner aux r\u00e9publicains une manigance pour avantager le favori dans les sondages nationaux, l\u2019ancien vice-pr\u00e9sident de Barack Obama, Joe Biden.<\/p>\n<p>\u00ab\u00a0En retenant l\u2019acte d\u2019accusation face au S\u00e9nat, la pr\u00e9sidente Pelosi nuit \u00e0 Bernie et aide Biden\u00a0\u00bb, a tweet\u00e9 le chef de la minorit\u00e9 r\u00e9publicaine \u00e0 la Chambre, Kevin McCarthy.<\/p>\n<p>Les s\u00e9nateurs en campagne \u00ab\u00a0n\u2019auront plus de voix\u00a0\u00bb et les chances de Bernie Sanders, notamment, sont grandement entam\u00e9es, a encore d\u00e9clar\u00e9 mardi ce r\u00e9publicain d\u2019ordinaire peu attendri par ses rivaux.<\/p>\n<p>\u00ab\u00a0La seule chose juste que pourrait faire Joe Biden est de s\u2019engager \u00e0 ne pas faire campagne tant que Bernie Sanders ne peut pas\u00a0\u00bb, a-t-il ajout\u00e9.<\/p>\n<p>\u00ab\u00a0La destitution n\u2019a rien \u00e0 voir avec la politique ou la campagne pr\u00e9sidentielle\u00a0\u00bb, lui a r\u00e9pondu directement le chef de cabinet de Nancy Pelosi, Drew Hammill, sur Twitter.<\/p>\n<p>De leur c\u00f4t\u00e9, les candidats s\u00e9nateurs comptent sur les r\u00e9seaux de volontaires qu\u2019ils ont tiss\u00e9s pendant de longs mois dans l\u2019Iowa et le New Hampshire, et les personnalit\u00e9s qui les soutiennent pour porter leurs voix sur le terrain.<\/p>\n<p>Sur ce point, l\u2019\u00e9quipe de Bernie Sanders compte le plus grand nombre de salari\u00e9s dans l\u2019Iowa (250 selon le Washington Post) et sur un tr\u00e9sor de guerre impressionnant pour financer sa campagne. Mais Elizabeth Warren, en campagne depuis d\u00e9cembre 2018, a aussi tr\u00e8s t\u00f4t construit un r\u00e9seau de volontaires enthousiastes.<\/p>\n<\/div>\n<p>Auteur: AFP<br \/>\n<a href=\"https:\/\/www.journalducameroun.com\/le-proces-en-destitution-de-trump-bouscule-la-primaire-democrate\/\">Cliquez ici pour lire l&rsquo;article depuis sa source.<\/a><\/p>\n","protected":false},"excerpt":{"rendered":"<p>Publi\u00e9 le 15.01.2020 \u00e0 20h50 par AFP Le proc\u00e8s historique en destitution de Donald Trump aura un impact in\u00e9dit sur la campagne pr\u00e9sidentielle am\u00e9ricaine: quatre s\u00e9nateurs candidats \u00e0 l\u2019investiture d\u00e9mocrate seront coinc\u00e9s \u00e0 Washington pour les d\u00e9bats avant le premier vote des primaires dans l\u2019Iowa, Etat o\u00f9 la pr\u00e9sence sur le terrain est jug\u00e9e cruciale. [&hellip;]<\/p>\n","protected":false},"author":1965,"featured_media":0,"comment_status":"closed","ping_status":"closed","sticky":false,"template":"","format":"standard","meta":{"fifu_image_url":"","fifu_image_alt":"","footnotes":""},"categories":[73,82],"tags":[],"class_list":["post-73173","post","type-post","status-publish","format-standard","hentry","category-actualite","category-cameroun"],"_links":{"self":[{"href":"https:\/\/linitiative.ca\/International\/wp-json\/wp\/v2\/posts\/73173","targetHints":{"allow":["GET"]}}],"collection":[{"href":"https:\/\/linitiative.ca\/International\/wp-json\/wp\/v2\/posts"}],"about":[{"href":"https:\/\/linitiative.ca\/International\/wp-json\/wp\/v2\/types\/post"}],"author":[{"embeddable":true,"href":"https:\/\/linitiative.ca\/International\/wp-json\/wp\/v2\/users\/1965"}],"replies":[{"embeddable":true,"href":"https:\/\/linitiative.ca\/International\/wp-json\/wp\/v2\/comments?post=73173"}],"version-history":[{"count":0,"href":"https:\/\/linitiative.ca\/International\/wp-json\/wp\/v2\/posts\/73173\/revisions"}],"wp:attachment":[{"href":"https:\/\/linitiative.ca\/International\/wp-json\/wp\/v2\/media?parent=73173"}],"wp:term":[{"taxonomy":"category","embeddable":true,"href":"https:\/\/linitiative.ca\/International\/wp-json\/wp\/v2\/categories?post=73173"},{"taxonomy":"post_tag","embeddable":true,"href":"https:\/\/linitiative.ca\/International\/wp-json\/wp\/v2\/tags?post=73173"}],"curies":[{"name":"wp","href":"https:\/\/api.w.org\/{rel}","templated":true}]}}