{"id":73174,"date":"2020-01-15T16:50:03","date_gmt":"2020-01-15T21:50:03","guid":{"rendered":"https:\/\/linitiative.ca\/International\/liban-des-banques-essuient-la-colere-populaire\/"},"modified":"2020-01-15T16:50:03","modified_gmt":"2020-01-15T21:50:03","slug":"liban-des-banques-essuient-la-colere-populaire","status":"publish","type":"post","link":"https:\/\/linitiative.ca\/International\/liban-des-banques-essuient-la-colere-populaire\/","title":{"rendered":"Liban: des banques essuient la col\u00e8re populaire"},"content":{"rendered":"<p>La col\u00e8re populaire s\u2019est de nouveau exprim\u00e9e mercredi contre le secteur bancaire au Liban, pays englu\u00e9 dans une crise \u00e9conomique et une impasse politique sans issue en vue.<\/p>\n<p>Des dizaines de personnes se sont rassembl\u00e9es mercredi soir devant la Banque centrale dans le quartier de Hamra \u00e0 Beyrouth.<\/p>\n<p>\u00ab\u00a0A bas le r\u00e8gne de la banque\u00a0\u00bb ou encore \u00ab\u00a0Riad Salam\u00e9 a provoqu\u00e9 la faillite du Liban\u00a0\u00bb, en allusion au gouverneur de la Banque centrale, ont scand\u00e9 les manifestants alors que les forces de s\u00e9curit\u00e9 et l\u2019arm\u00e9e ont impos\u00e9 de strictes mesures de s\u00e9curit\u00e9 dans le secteur.<\/p>\n<p>Mardi soir, la police y avait fait usage de lacrymog\u00e8nes pour disperser des centaines de manifestants alors que des banques ont \u00e9t\u00e9 vandalis\u00e9es.<\/p>\n<p>Arm\u00e9s de pav\u00e9s ou d\u2019extincteurs, arrachant les panneaux de signalisation pour les utiliser comme b\u00e9lier, les contestataires s\u2019en \u00e9taient pris aux distributeurs et aux vitrines d\u2019\u00e9tablissements dans le m\u00eame quartier.<\/p>\n<p>Les heurts ont fait une quarantaine de bless\u00e9s dont des policiers, selon la Croix-Rouge libanaise. Les forces de s\u00e9curit\u00e9 ont annonc\u00e9 59 arrestations.<\/p>\n<p>Mercredi soir, des centaines de manifestants se sont \u00e9galement dirig\u00e9s devant le commissariat de H\u00e9lou, un autre secteur de la capitale, o\u00f9 ils ont bloqu\u00e9 la route et scand\u00e9 des slogans r\u00e9clamant la lib\u00e9ration des d\u00e9tenus, avant que des affrontements n\u2019\u00e9clatent entre eux et les forces de s\u00e9curit\u00e9 qui ont utilis\u00e9 des gaz lacrymog\u00e8nes.<\/p>\n<p>Des m\u00e9dias locaux et des militants ont rapport\u00e9 que des manifestants, dont au moins un photojournaliste d\u2019une agence de presse \u00e9trang\u00e8re, avaient \u00e9t\u00e9 bless\u00e9s, tandis que les forces de s\u00e9curit\u00e9 ont arr\u00eat\u00e9 plusieurs protestataires.<\/p>\n<p>Des grenades lacrymog\u00e8nes sont tomb\u00e9es dans l\u2019enceinte de l\u2019ambassade de Russie, pr\u00e8s du commissariat abritant les d\u00e9tenus, a rapport\u00e9 l\u2019agence de presse nationale, ANI.<\/p>\n<p>Le Liban qui vit depuis octobre au rythme d\u2019une contestation in\u00e9dite contre une classe dirigeante jug\u00e9e corrompue et incomp\u00e9tente et les banques, qui ont impos\u00e9e de s\u00e9v\u00e8res restrictions aux d\u00e9posants, cristallisent une grande partie de la col\u00e8re.<\/p>\n<p>Mercredi matin, des agents de nettoyage ramassaient les bris de verre devant les banques vandalis\u00e9es, tentaient d\u2019effacer les graffitis et inspectaient les distributeurs ab\u00eem\u00e9s.<\/p>\n<p>\u00ab\u00a0Le vandalisme n\u2019est pas acceptable, mais je comprends la col\u00e8re des gens qui sont \u00e9reint\u00e9s\u00a0\u00bb, a r\u00e9agi Alya, devant une banque.<\/p>\n<p>\u00ab\u00a0J\u2019ai un malade \u00e0 la maison, et je dois payer l\u2019infirmier. Les restrictions qu\u2019ils ont impos\u00e9es nous rendent la vie impossible\u00a0\u00bb, a-t-elle encore comment\u00e9.<\/p>\n<p>\u2013 \u00ab\u00a0Acte barbare\u00a0\u00bb \u2013<\/p>\n<p>En pleine p\u00e9nurie du billet vert, utilis\u00e9 au Liban au m\u00eame titre que la monnaie nationale, les retraits sont limit\u00e9s \u00e0 environ un millier de dollars par mois. Il est devenu quasi impossible d\u2019effectuer des virements \u00e0 l\u2019\u00e9tranger.<\/p>\n<p>Dans les agences, les clients viennent retirer leur quota et les files d\u2019attente s\u2019allongent, avec des altercations entre clients et guichetiers.<\/p>\n<p>Officiellement, la livre libanaise, index\u00e9e au billet vert depuis 1997, garde le m\u00eame taux fixe de 1.507 livres pour un dollar. Mais, dans les bureaux de change, elle a perdu pr\u00e8s de la moiti\u00e9 de sa valeur, grimpant parfois jusqu\u2019\u00e0 2.500 livres pour un dollar.<\/p>\n<p>Le Premier ministre sortant Saad Hariri, mais aussi le chef du Parlement Nabih Berri, ont fustig\u00e9 un vandalisme \u00ab\u00a0inacceptable\u00a0\u00bb. L\u2019Association des banques du Liban a d\u00e9nonc\u00e9 des actes \u00ab\u00a0barbares\u00a0\u00bb.<\/p>\n<p>Les \u00e9pargnants accusent les banques de prendre leur argent en otage et d\u2019avoir permis aux politiciens et hauts fonctionnaires d\u2019effectuer des virements \u00e0 l\u2019\u00e9tranger.<\/p>\n<p>La Banque centrale a annonc\u00e9 qu\u2019elle enqu\u00eatait sur des fuites de capitaux. Elle a aussi indiqu\u00e9 qu\u2019elle voulait unifier et apporter une \u00ab\u00a0couverture l\u00e9gale\u00a0\u00bb aux restrictions draconiennes des banques.<\/p>\n<p>\u00ab\u00a0Nous venons dire non aux politiques financi\u00e8res, qui nous volent depuis des ann\u00e9es et qui n\u2019affectent que les petits d\u00e9posants\u00a0\u00bb, explique Youmna Mrou\u00e9, 22 ans, qui manifeste mercredi soir devant la Banque centrale.<\/p>\n<p>\u00ab\u00a0Nous sommes aujourd\u2019hui dans un \u00e9tat d\u2019effondrement, ce qui s\u2019est pass\u00e9 la veille (actes de vandalisme contre les banques) est le r\u00e9sultat d\u2019une vraie col\u00e8re et une vraie douleur chez les gens\u00a0\u00bb, souligne-t-elle.<\/p>\n<p>\u2013 \u00ab\u00a0Chaos dangereux\u00a0\u00bb \u2013<\/p>\n<p>Apr\u00e8s un essoufflement qui a co\u00efncid\u00e9 avec les f\u00eates de fin d\u2019ann\u00e9e, les manifestations populaires ont repris depuis samedi.<\/p>\n<p>Mercredi, des rassemblements ont eu lieu \u00e0 Beyrouth mais aussi \u00e0 Tripoli (nord) et \u00e0 Nabatiy\u00e9 (sud) notamment.<\/p>\n<p>La situation est compliqu\u00e9e par l\u2019impasse politique: depuis la d\u00e9mission fin octobre de Saad Hariri, son gouvernement, charg\u00e9 des affaires courantes, est accus\u00e9 d\u2019inertie.<\/p>\n<p>Hassan Diab, d\u00e9sign\u00e9 comme son successeur le 19 d\u00e9cembre, n\u2019est toujours pas parvenu \u00e0 former son gouvernement, que la rue veut compos\u00e9 de technocrates ind\u00e9pendants, alors que les principaux partis politiques cherchent \u00e0 pr\u00e9server leur repr\u00e9sentation.<\/p>\n<p>D\u00e9plorant \u00ab\u00a0des manifestations de plus en plus virulentes\u00a0\u00bb et \u00ab\u00a0une \u00e9conomie en chute libre\u00a0\u00bb, le coordinateur sp\u00e9cial de l\u2019ONU pour le Liban Jan Kubis n\u2019a pas m\u00e2ch\u00e9 ses mots.<\/p>\n<p>\u00ab\u00a0Politiciens, ne faites pas des reproches aux gens, faites-les \u00e0 vous-m\u00eames pour ce chaos dangereux\u00a0\u00bb, a-t-il \u00e9crit sur twitter.<\/p>\n<p>Auteur: AFP<br \/>\n<a href=\"https:\/\/www.journalducameroun.com\/liban-des-banques-essuient-la-colere-populaire\/\">Cliquez ici pour lire l&rsquo;article depuis sa source.<\/a><\/p>\n","protected":false},"excerpt":{"rendered":"<p>La col\u00e8re populaire s\u2019est de nouveau exprim\u00e9e mercredi contre le secteur bancaire au Liban, pays englu\u00e9 dans une crise \u00e9conomique et une impasse politique sans issue en vue. Des dizaines de personnes se sont rassembl\u00e9es mercredi soir devant la Banque centrale dans le quartier de Hamra \u00e0 Beyrouth. \u00ab\u00a0A bas le r\u00e8gne de la banque\u00a0\u00bb [&hellip;]<\/p>\n","protected":false},"author":1965,"featured_media":0,"comment_status":"closed","ping_status":"closed","sticky":false,"template":"","format":"standard","meta":{"fifu_image_url":"","fifu_image_alt":"","footnotes":""},"categories":[73,82],"tags":[],"class_list":["post-73174","post","type-post","status-publish","format-standard","hentry","category-actualite","category-cameroun"],"_links":{"self":[{"href":"https:\/\/linitiative.ca\/International\/wp-json\/wp\/v2\/posts\/73174","targetHints":{"allow":["GET"]}}],"collection":[{"href":"https:\/\/linitiative.ca\/International\/wp-json\/wp\/v2\/posts"}],"about":[{"href":"https:\/\/linitiative.ca\/International\/wp-json\/wp\/v2\/types\/post"}],"author":[{"embeddable":true,"href":"https:\/\/linitiative.ca\/International\/wp-json\/wp\/v2\/users\/1965"}],"replies":[{"embeddable":true,"href":"https:\/\/linitiative.ca\/International\/wp-json\/wp\/v2\/comments?post=73174"}],"version-history":[{"count":0,"href":"https:\/\/linitiative.ca\/International\/wp-json\/wp\/v2\/posts\/73174\/revisions"}],"wp:attachment":[{"href":"https:\/\/linitiative.ca\/International\/wp-json\/wp\/v2\/media?parent=73174"}],"wp:term":[{"taxonomy":"category","embeddable":true,"href":"https:\/\/linitiative.ca\/International\/wp-json\/wp\/v2\/categories?post=73174"},{"taxonomy":"post_tag","embeddable":true,"href":"https:\/\/linitiative.ca\/International\/wp-json\/wp\/v2\/tags?post=73174"}],"curies":[{"name":"wp","href":"https:\/\/api.w.org\/{rel}","templated":true}]}}