{"id":73175,"date":"2020-01-15T16:50:07","date_gmt":"2020-01-15T21:50:07","guid":{"rendered":"https:\/\/linitiative.ca\/International\/le-ghana-choisit-akonnor-comme-selectionneur\/"},"modified":"2020-01-15T16:50:07","modified_gmt":"2020-01-15T21:50:07","slug":"le-ghana-choisit-akonnor-comme-selectionneur","status":"publish","type":"post","link":"https:\/\/linitiative.ca\/International\/le-ghana-choisit-akonnor-comme-selectionneur\/","title":{"rendered":"Le Ghana choisit Akonnor comme s\u00e9lectionneur"},"content":{"rendered":"<div readability=\"32\">\n<p>Publi\u00e9 le 15.01.2020 \u00e0 22h50 par AFP<\/p>\n<\/div>\n<div readability=\"62\">\n<p>La f\u00e9d\u00e9ration ghan\u00e9enne de football a annonc\u00e9 avoir choisi l\u2019ancien capitaine des Black Stars Charles Kwabla Akonnor comme nouveau s\u00e9lectionneur de l\u2019\u00e9quipe nationale, absente de la derni\u00e8re Coupe du monde, dans un communiqu\u00e9 mercredi.<\/p>\n<p>Cette annonce fait suite \u00e0 la d\u00e9cision de la f\u00e9d\u00e9ration de remettre \u00e0 plat le management des diff\u00e9rentes s\u00e9lections ghan\u00e9ennes de football.<\/p>\n<p>Akonnor, ancien milieu de terrain du Fortuna Cologne et de Wolfsburg en Allemagne, succ\u00e8de \u00e0 Kwesi Appiah dont le contrat n\u2019avait pas \u00e9t\u00e9 renouvel\u00e9 en d\u00e9cembre.<\/p>\n<p>L\u2019ancien capitaine des Black Stars, \u00e2g\u00e9 de 45 ans, a d\u00e9j\u00e0 occup\u00e9 des postes d\u2019encadrement au sein de l\u2019Asante Kotoko et de Hearts of Oak, deux g\u00e9ants du championnat du Ghana.<\/p>\n<p>Il aura pour premier rendez-vous international les qualifications pour la Coupe du monde 2022 au Qatar en mars.<\/p>\n<p>Les Black Stars n\u2019avaient pas r\u00e9ussi \u00e0 se qualifier pour le dernier Mondial, en 2018 en Russie. Ils ont par ailleurs chut\u00e9 d\u00e8s les huiti\u00e8mes de finale de la derni\u00e8re Coupe d\u2019Afrique des Nations en juillet.<\/p>\n<p>Le Ghana est class\u00e9 parmi les 50 meilleures \u00e9quipes nationales masculines de football au monde. Les Black Stars ont fait leurs d\u00e9buts en Coupe du Monde en 2006. Le dernier de leur quatre titres en Coupe d\u2019Afrique des Nations remonte \u00e0 1982.<\/p>\n<\/div>\n<p>Auteur: AFP<br \/>\n<a href=\"https:\/\/www.journalducameroun.com\/le-ghana-choisit-akonnor-comme-selectionneur\/\">Cliquez ici pour lire l&rsquo;article depuis sa source.<\/a><\/p>\n","protected":false},"excerpt":{"rendered":"<p>Publi\u00e9 le 15.01.2020 \u00e0 22h50 par AFP La f\u00e9d\u00e9ration ghan\u00e9enne de football a annonc\u00e9 avoir choisi l\u2019ancien capitaine des Black Stars Charles Kwabla Akonnor comme nouveau s\u00e9lectionneur de l\u2019\u00e9quipe nationale, absente de la derni\u00e8re Coupe du monde, dans un communiqu\u00e9 mercredi. Cette annonce fait suite \u00e0 la d\u00e9cision de la f\u00e9d\u00e9ration de remettre \u00e0 plat [&hellip;]<\/p>\n","protected":false},"author":1965,"featured_media":0,"comment_status":"closed","ping_status":"closed","sticky":false,"template":"","format":"standard","meta":{"fifu_image_url":"","fifu_image_alt":"","footnotes":""},"categories":[73,82],"tags":[],"class_list":["post-73175","post","type-post","status-publish","format-standard","hentry","category-actualite","category-cameroun"],"_links":{"self":[{"href":"https:\/\/linitiative.ca\/International\/wp-json\/wp\/v2\/posts\/73175","targetHints":{"allow":["GET"]}}],"collection":[{"href":"https:\/\/linitiative.ca\/International\/wp-json\/wp\/v2\/posts"}],"about":[{"href":"https:\/\/linitiative.ca\/International\/wp-json\/wp\/v2\/types\/post"}],"author":[{"embeddable":true,"href":"https:\/\/linitiative.ca\/International\/wp-json\/wp\/v2\/users\/1965"}],"replies":[{"embeddable":true,"href":"https:\/\/linitiative.ca\/International\/wp-json\/wp\/v2\/comments?post=73175"}],"version-history":[{"count":0,"href":"https:\/\/linitiative.ca\/International\/wp-json\/wp\/v2\/posts\/73175\/revisions"}],"wp:attachment":[{"href":"https:\/\/linitiative.ca\/International\/wp-json\/wp\/v2\/media?parent=73175"}],"wp:term":[{"taxonomy":"category","embeddable":true,"href":"https:\/\/linitiative.ca\/International\/wp-json\/wp\/v2\/categories?post=73175"},{"taxonomy":"post_tag","embeddable":true,"href":"https:\/\/linitiative.ca\/International\/wp-json\/wp\/v2\/tags?post=73175"}],"curies":[{"name":"wp","href":"https:\/\/api.w.org\/{rel}","templated":true}]}}