{"id":73176,"date":"2020-01-15T17:50:03","date_gmt":"2020-01-15T22:50:03","guid":{"rendered":"https:\/\/linitiative.ca\/International\/les-etats-unis-et-la-chine-signent-un-accord-commercial-historique\/"},"modified":"2020-01-15T17:50:03","modified_gmt":"2020-01-15T22:50:03","slug":"les-etats-unis-et-la-chine-signent-un-accord-commercial-historique","status":"publish","type":"post","link":"https:\/\/linitiative.ca\/International\/les-etats-unis-et-la-chine-signent-un-accord-commercial-historique\/","title":{"rendered":"Les Etats-Unis et la Chine signent un accord commercial \u00ab\u00a0historique\u00a0\u00bb"},"content":{"rendered":"<div readability=\"32\">\n<p>Publi\u00e9 le 15.01.2020 \u00e0 23h50 par AFP<\/p>\n<\/div>\n<div readability=\"160\">\n<p>\u00ab\u00a0Etape historique\u00a0\u00bb: Donald Trump s\u2019est f\u00e9licit\u00e9 mercredi de l\u2019accord commercial sign\u00e9 avec le vice-Premier ministre chinois Liu He qui met un terme provisoire \u00e0 un bras de fer in\u00e9dit entre les deux premi\u00e8res puissances \u00e9conomiques du monde.<\/p>\n<p>\u00ab\u00a0Aujourd\u2019hui marque une \u00e9tape historique (\u2026) qui n\u2019avait jamais \u00e9t\u00e9 franchie (\u2026) vers un accord commercial juste et r\u00e9ciproque entre les Etats-Unis et la Chine\u00a0\u00bb, a d\u00e9clar\u00e9 le pr\u00e9sident am\u00e9ricain.<\/p>\n<p>Face \u00e0 l\u2019enthousiasme du pr\u00e9sident, la F\u00e9d\u00e9ration nationale des d\u00e9taillants (NRF) et le principal syndicat agricole, l\u2019American Farm Bureau Federation, se sont montr\u00e9s plus mesur\u00e9s. Ils ont salu\u00e9 ce trait\u00e9 tout en soulignant que du \u00ab\u00a0travail rest(ait) \u00e0 faire\u00a0\u00bb.<\/p>\n<p>Pour l\u2019heure, ce trait\u00e9, qui entrera en vigueur dans 30 jours, profitera aux agriculteurs et industriels, durement affect\u00e9s par la guerre commerciale.<\/p>\n<p>La Chine s\u2019est en effet engag\u00e9e \u00e0 acheter pour 200 milliards de dollars de produits am\u00e9ricains suppl\u00e9mentaires au cours des deux prochaines ann\u00e9es. Ces achats ont pour but de r\u00e9duire le d\u00e9ficit commercial am\u00e9ricain, grande revendication de la Maison Blanche.<\/p>\n<p>L\u2019accord contient \u00e9galement des dispositions relatives \u00e0 la protection de la propri\u00e9t\u00e9 intellectuelle et aux conditions de transfert de technologies, autres grandes exigences des Etats-Unis.<\/p>\n<p>D\u00e9clench\u00e9 au printemps 2018 pour mettre fin aux pratiques commerciales chinoises jug\u00e9es \u00ab\u00a0d\u00e9loyales\u00a0\u00bb, ce conflit s\u2019est mat\u00e9rialis\u00e9 par des droits de douane punitifs r\u00e9ciproques sur des centaines de milliards de dollars de marchandises.<\/p>\n<p>\u2013 Tarifs douaniers pour n\u00e9gocier \u2013<\/p>\n<p>Mais Donald Trump a indiqu\u00e9 que les droits de douane punitifs frappant actuellement plus de 370 milliards de dollars de produits chinois seraient maintenus tant que la phase 2 de l\u2019accord ne serait pas sign\u00e9e.<\/p>\n<p>\u00ab\u00a0Nous gardons les tarifs douaniers, mais j\u2019accepterai de les supprimer si nous arrivons \u00e0 conclure la phase 2\u00a0\u00bb, a d\u00e9clar\u00e9 le locataire de la Maison Blanche. \u00ab\u00a0Je vais les garder, sinon nous n\u2019aurons aucune carte en mains pour n\u00e9gocier\u00a0\u00bb.<\/p>\n<p>Et c\u2019est l\u00e0 que le b\u00e2t blesse pour nombre d\u2019acteurs \u00e9conomiques. \u00ab\u00a0La guerre commerciale ne sera termin\u00e9e que lorsque tous les tarifs douaniers auront disparu\u00a0\u00bb, a ainsi estim\u00e9 Mathew Shay, pr\u00e9sident de la NRF.<\/p>\n<p>Si l\u2019administration pr\u00e9tend mordicus que c\u2019est la Chine qui paie, une grande majorit\u00e9 d\u2019\u00e9conomistes soulignent que de fait ce sont les importateurs am\u00e9ricains et peut-\u00eatre bient\u00f4t le consommateur qui font les frais de ces taxes.<\/p>\n<p>L\u2019administration pr\u00e9dit que cet accord dopera la croissance de la premi\u00e8re \u00e9conomie du monde d\u2019un demi point de pourcentage.<\/p>\n<p>Ce conflit a pourtant durement affect\u00e9 le monde agricole et l\u2019industrie manufacturi\u00e8re aux Etats-Unis, ceux-l\u00e0 m\u00eames qui avaient port\u00e9 le pr\u00e9sident r\u00e9publicain au pouvoir en 2016.<\/p>\n<p>Donald Trump a pari\u00e9 sur leur patriotisme, leur demandant de la patience avant des lendemains meilleurs.<\/p>\n<p>Clamant que les guerres commerciales \u00e9taient faciles \u00e0 gagner, il a aussi constamment r\u00e9p\u00e9t\u00e9 que l\u2019\u00e9conomie am\u00e9ricaine n\u2019\u00e9tait pas affect\u00e9e par les droits de douane quand la croissance chinoise ralentissait.<\/p>\n<p>Pourtant, ce conflit, in\u00e9dit par son intensit\u00e9 et sa dur\u00e9e, a frein\u00e9 l\u2019app\u00e9tit des investisseurs et ralenti la croissance mondiale, comme la croissance chinoise et am\u00e9ricaine.<\/p>\n<p>Qui plus est, l\u2019essentiel du co\u00fbt des tarifs douaniers a \u00e9t\u00e9 support\u00e9 par les importateurs am\u00e9ricains.<\/p>\n<p>\u2013 C\u00e9r\u00e9monie \u00e9clips\u00e9e par les d\u00e9mocrates \u2013<\/p>\n<p>\u00ab\u00a0Nous savons qu\u2019il y aura encore des diff\u00e9rends entre nos deux pays mais ce jour marque le d\u00e9but d\u2019un nouveau chapitre dans les relations commerciales entre les deux plus importantes \u00e9conomies du monde\u00a0\u00bb, a rench\u00e9ri le vice-pr\u00e9sident am\u00e9ricain Mike Pence.<\/p>\n<p>Aussi historique soit-elle, la c\u00e9r\u00e9monie de signature retransmise en direct par toutes les grandes cha\u00eenes de t\u00e9l\u00e9vision am\u00e9ricaines a \u00e9t\u00e9 brutalement interrompue pour donner la parole aux d\u00e9mocrates de la Chambre des repr\u00e9sentants.<\/p>\n<p>Ces derniers vont transmettre au S\u00e9nat l\u2019acte d\u2019accusation retenu contre Donald Trump avant un proc\u00e8s qui doit d\u00e9marrer mardi.<\/p>\n<p>Joe Biden, candidat favori de la primaire d\u00e9mocrate, a jug\u00e9 que la Chine \u00e9tait la grande gagnante de cet accord.<\/p>\n<p>\u00ab\u00a0Pour la premi\u00e8re fois, nous avons un accord complet\u00a0\u00bb avec un \u00ab\u00a0vrai m\u00e9canisme pour faire appliquer\u00a0\u00bb l\u2019accord, a fait fait valoir le secr\u00e9taire au Tr\u00e9sor Steven Mnuchin.<\/p>\n<p>\u00ab\u00a0La Chine reconna\u00eet l\u2019importance d\u2019\u00e9tablir et de mettre en oeuvre un syst\u00e8me juridique complet de protection (\u2026) de la propri\u00e9t\u00e9 intellectuelle\u00a0\u00bb, est-il notamment stipul\u00e9 dans le texte.<\/p>\n<p>En outre, tout transfert ou licence de technologie doit \u00eatre bas\u00e9 sur la base du volontariat et \u00ab\u00a0refl\u00e9tant un accord mutuel\u00a0\u00bb, est-il dit alors que la Chine imposait jusqu\u2019alors aux entreprises am\u00e9ricaines le transfert forc\u00e9 de leur savoir-faire pour faire affaire en Chine.<\/p>\n<p>Un chapitre entier est consacr\u00e9 \u00e0 l\u2019ouverture du march\u00e9 chinois aux services financiers.<\/p>\n<p>Donald Trump compte se rendre bient\u00f4t en Chine alors que les n\u00e9gociations pour une seconde phase de l\u2019accord doivent commencer \u00ab\u00a0imm\u00e9diatement\u00a0\u00bb pour aborder des sujets plus sensibles tels que la cybers\u00e9curit\u00e9.<\/p>\n<\/div>\n<p>Auteur: AFP<br \/>\n<a href=\"https:\/\/www.journalducameroun.com\/les-etats-unis-et-la-chine-signent-un-accord-commercial-historique\/\">Cliquez ici pour lire l&rsquo;article depuis sa source.<\/a><\/p>\n","protected":false},"excerpt":{"rendered":"<p>Publi\u00e9 le 15.01.2020 \u00e0 23h50 par AFP \u00ab\u00a0Etape historique\u00a0\u00bb: Donald Trump s\u2019est f\u00e9licit\u00e9 mercredi de l\u2019accord commercial sign\u00e9 avec le vice-Premier ministre chinois Liu He qui met un terme provisoire \u00e0 un bras de fer in\u00e9dit entre les deux premi\u00e8res puissances \u00e9conomiques du monde. \u00ab\u00a0Aujourd\u2019hui marque une \u00e9tape historique (\u2026) qui n\u2019avait jamais \u00e9t\u00e9 franchie [&hellip;]<\/p>\n","protected":false},"author":1965,"featured_media":0,"comment_status":"closed","ping_status":"closed","sticky":false,"template":"","format":"standard","meta":{"fifu_image_url":"","fifu_image_alt":"","footnotes":""},"categories":[73,82],"tags":[],"class_list":["post-73176","post","type-post","status-publish","format-standard","hentry","category-actualite","category-cameroun"],"_links":{"self":[{"href":"https:\/\/linitiative.ca\/International\/wp-json\/wp\/v2\/posts\/73176","targetHints":{"allow":["GET"]}}],"collection":[{"href":"https:\/\/linitiative.ca\/International\/wp-json\/wp\/v2\/posts"}],"about":[{"href":"https:\/\/linitiative.ca\/International\/wp-json\/wp\/v2\/types\/post"}],"author":[{"embeddable":true,"href":"https:\/\/linitiative.ca\/International\/wp-json\/wp\/v2\/users\/1965"}],"replies":[{"embeddable":true,"href":"https:\/\/linitiative.ca\/International\/wp-json\/wp\/v2\/comments?post=73176"}],"version-history":[{"count":0,"href":"https:\/\/linitiative.ca\/International\/wp-json\/wp\/v2\/posts\/73176\/revisions"}],"wp:attachment":[{"href":"https:\/\/linitiative.ca\/International\/wp-json\/wp\/v2\/media?parent=73176"}],"wp:term":[{"taxonomy":"category","embeddable":true,"href":"https:\/\/linitiative.ca\/International\/wp-json\/wp\/v2\/categories?post=73176"},{"taxonomy":"post_tag","embeddable":true,"href":"https:\/\/linitiative.ca\/International\/wp-json\/wp\/v2\/tags?post=73176"}],"curies":[{"name":"wp","href":"https:\/\/api.w.org\/{rel}","templated":true}]}}