{"id":73177,"date":"2020-01-15T11:12:33","date_gmt":"2020-01-15T16:12:33","guid":{"rendered":"https:\/\/linitiative.ca\/International\/la-tva-sur-les-polices-dassurance-vie-et-maladie-annulee-au-cameroun\/"},"modified":"2020-01-15T11:12:33","modified_gmt":"2020-01-15T16:12:33","slug":"la-tva-sur-les-polices-dassurance-vie-et-maladie-annulee-au-cameroun","status":"publish","type":"post","link":"https:\/\/linitiative.ca\/International\/la-tva-sur-les-polices-dassurance-vie-et-maladie-annulee-au-cameroun\/","title":{"rendered":"La TVA sur les polices d\u2019assurance-vie et maladie annul\u00e9e au Cameroun"},"content":{"rendered":"<div class=\"featured-area featured-area-inner\"><img loading=\"lazy\" decoding=\"async\" width=\"660\" height=\"281\" src=\"https:\/\/ecomatin.net\/wp-content\/uploads\/2020\/01\/7810892lpaw-7829003-article-jpg_4188151_660x281.jpg?is-pending-load=1\" class=\"attachment-jannah-image-post size-jannah-image-post wp-post-image jetpack-lazy-image\" alt=\"\" data-lazy-srcset=\"https:\/\/ecomatin.net\/wp-content\/uploads\/2020\/01\/7810892lpaw-7829003-article-jpg_4188151_660x281.jpg 660w, https:\/\/ecomatin.net\/wp-content\/uploads\/2020\/01\/7810892lpaw-7829003-article-jpg_4188151_660x281-300x128.jpg 300w\" data-lazy-sizes=\"(max-width: 660px) 100vw, 660px\" srcset=\"data:image\/gif;base64,R0lGODlhAQABAIAAAAAAAP\/\/\/yH5BAEAAAAALAAAAAABAAEAAAIBRAA7\"\/><\/div>\n<div class=\"entry-content entry clearfix\" readability=\"54.5655608215\">\n<p>Les multiples plaidoyers de <strong>Th\u00e9ophile G\u00e9rard Moulong<\/strong>, pr\u00e9sident de l\u2019<strong>Association des soci\u00e9t\u00e9s d\u2019assurance au Cameroun (Asac)<\/strong> en faveur de la suppression de la TVA sur les polices d\u2019<strong>assurance-vie et maladie<\/strong> \u00e9tablie par la loi de Finances 2019 ont re\u00e7u un \u00e9cho favorable.<\/p>\n<p>Le gouvernement camerounais a en effet renonc\u00e9 \u00e0 appliquer la <strong>taxe sur la valeur ajout\u00e9e (TVA)<\/strong> sur l\u2019assurance-vie conform\u00e9ment \u00e0 la loi de Finances 2020 entr\u00e9e en vigueur le <strong>1<sup>er<\/sup> janvier dernier<\/strong>. Cette derni\u00e8re pr\u00e9cise que \u00ab les contrats et commissions d\u2019assurance-vie ayant un caract\u00e8re d\u2019\u00e9pargne \u00bb sont exon\u00e9r\u00e9s de TVA. Une disposition r\u00e9glementaire qui annule la d\u00e9cision contenue dans la loi de Finances 2019, laquelle imposait le pr\u00e9l\u00e8vement de <strong>19,25%<\/strong> de la TVA sur l\u2019assurance-maladie.<\/p>\n<hr\/>\n<p><strong>Lire aussi\u00a0: <a href=\"https:\/\/ecomatin.net\/fiscalite-la-difficile-application-de-la-tva-sur-le-commerce-en-ligne\/\">Fiscalit\u00e9 : la difficile application de la TVA sur le commerce en ligne<\/a><\/strong><\/p>\n<hr\/>\n<p>La d\u00e9cision de l\u2019Etat de ne pas appliquer la TVA est salu\u00e9e par les assureurs. De leur avis, le maintien de la fiscalisation de l\u2019assurance-vie et maladie aurait pu conduire \u00e0 des r\u00e9siliations massives de contrats fragilisant les compagnies, en m\u00eame temps qu\u2019elle aurait pouss\u00e9 les souscripteurs vers les comptes d\u2019\u00e9pargne bancaire qui r\u00e9mun\u00e8rent plut\u00f4t les d\u00e9p\u00f4ts.<\/p>\n<p>Pour le pr\u00e9sident de l\u2019Asac, l\u2019application de la TVA sur l\u2019assurance-vie n\u2019a pas sa raison d\u2019\u00eatre car d\u00e9coulant \u00ab d\u2019une taxation de l\u2019\u00e9pargne qui a d\u00e9j\u00e0 subi une taxation puisqu\u2019il s\u2019agit d\u2019une \u00e9pargne sur le salaire \u00bb. Une situation de nature \u00e0 tuer quasiment l\u2019assurance, dans un pays o\u00f9 le taux de couverture nationale aussi bien pour l\u2019assurance IARD (Incendie, Accidents, Risques Divers) que pour l\u2019assurance-vie est en de\u00e7\u00e0 de 5%.<\/p>\n<div class=\"sharedaddy sd-sharing-enabled robots-nocontent sd-block sd-social sd-social-icon-text sd-sharing\">\n<h3 class=\"sd-title\">Partager\u00a0:<\/h3>\n<\/div>\n<p><h3 class=\"jp-relatedposts-headline\"><em>Articles similaires<\/em><\/h3>\n<\/p>\n<div class=\"stream-item stream-item-below-post-content\"><a href=\"https:\/\/www.facebook.com\/canalpluscmr\/\" title=\"\" target=\"_blank\" rel=\"noopener noreferrer\"><img loading=\"lazy\" decoding=\"async\" src=\"https:\/\/ecomatin.net\/wp-content\/uploads\/2020\/01\/ecomatin-H1260-xL-6222-px.png\" alt=\"\" width=\"728\" height=\"90\"\/><\/a><\/div>\n<\/div>\n<div class=\"toggle-post-content clearfix\"><a id=\"toggle-post-button\" class=\"button\" href=\"#\">Afficher plus <\/a><\/div>\n<p>Auteur: Ecomatin<br \/>\n<a href=\"https:\/\/ecomatin.net\/la-tva-sur-les-polices-dassurance-vie-et-maladie-annulee-au-cameroun\/\">Cliquez ici pour lire l&rsquo;article depuis sa source.<\/a><\/p>\n","protected":false},"excerpt":{"rendered":"<p>Les multiples plaidoyers de Th\u00e9ophile G\u00e9rard Moulong, pr\u00e9sident de l\u2019Association des soci\u00e9t\u00e9s d\u2019assurance au Cameroun (Asac) en faveur de la suppression de la TVA sur les polices d\u2019assurance-vie et maladie \u00e9tablie par la loi de Finances 2019 ont re\u00e7u un \u00e9cho favorable. Le gouvernement camerounais a en effet renonc\u00e9 \u00e0 appliquer la taxe sur la [&hellip;]<\/p>\n","protected":false},"author":1969,"featured_media":0,"comment_status":"closed","ping_status":"closed","sticky":false,"template":"","format":"standard","meta":{"fifu_image_url":"","fifu_image_alt":"","footnotes":""},"categories":[82,78],"tags":[],"class_list":["post-73177","post","type-post","status-publish","format-standard","hentry","category-cameroun","category-economie"],"_links":{"self":[{"href":"https:\/\/linitiative.ca\/International\/wp-json\/wp\/v2\/posts\/73177","targetHints":{"allow":["GET"]}}],"collection":[{"href":"https:\/\/linitiative.ca\/International\/wp-json\/wp\/v2\/posts"}],"about":[{"href":"https:\/\/linitiative.ca\/International\/wp-json\/wp\/v2\/types\/post"}],"author":[{"embeddable":true,"href":"https:\/\/linitiative.ca\/International\/wp-json\/wp\/v2\/users\/1969"}],"replies":[{"embeddable":true,"href":"https:\/\/linitiative.ca\/International\/wp-json\/wp\/v2\/comments?post=73177"}],"version-history":[{"count":0,"href":"https:\/\/linitiative.ca\/International\/wp-json\/wp\/v2\/posts\/73177\/revisions"}],"wp:attachment":[{"href":"https:\/\/linitiative.ca\/International\/wp-json\/wp\/v2\/media?parent=73177"}],"wp:term":[{"taxonomy":"category","embeddable":true,"href":"https:\/\/linitiative.ca\/International\/wp-json\/wp\/v2\/categories?post=73177"},{"taxonomy":"post_tag","embeddable":true,"href":"https:\/\/linitiative.ca\/International\/wp-json\/wp\/v2\/tags?post=73177"}],"curies":[{"name":"wp","href":"https:\/\/api.w.org\/{rel}","templated":true}]}}