{"id":73178,"date":"2020-01-15T11:20:22","date_gmt":"2020-01-15T16:20:22","guid":{"rendered":"https:\/\/linitiative.ca\/International\/les-activites-ont-augmente-de-20-au-port-autonome-de-kribi-en-2019\/"},"modified":"2020-01-15T11:20:22","modified_gmt":"2020-01-15T16:20:22","slug":"les-activites-ont-augmente-de-20-au-port-autonome-de-kribi-en-2019","status":"publish","type":"post","link":"https:\/\/linitiative.ca\/International\/les-activites-ont-augmente-de-20-au-port-autonome-de-kribi-en-2019\/","title":{"rendered":"Les activit\u00e9s ont augment\u00e9 de 20% au Port autonome de Kribi en 2019"},"content":{"rendered":"<div class=\"featured-area featured-area-inner\"><img loading=\"lazy\" decoding=\"async\" width=\"780\" height=\"405\" src=\"https:\/\/ecomatin.net\/wp-content\/uploads\/2020\/01\/port-de-kribi-780x405.jpeg?is-pending-load=1\" class=\"attachment-jannah-image-post size-jannah-image-post wp-post-image jetpack-lazy-image\" alt=\"\" srcset=\"data:image\/gif;base64,R0lGODlhAQABAIAAAAAAAP\/\/\/yH5BAEAAAAALAAAAAABAAEAAAIBRAA7\"\/><\/div>\n<div class=\"entry-content entry clearfix\" readability=\"56.0698630137\">\n<p><strong>Kribi containers terminal (KCT)<\/strong>, concessionnaire du terminal \u00e0 conteneurs du Port en eau profonde de Kribi, dont les activit\u00e9s ont d\u00e9marr\u00e9 en 2018 sur cette place portuaire situ\u00e9e dans la r\u00e9gion du Sud, annonce avoir r\u00e9alis\u00e9 l\u2019une de ses plus importantes op\u00e9rations le 30 d\u00e9cembre 2019.\u00a0 Notamment lors de l\u2019escale du navire <strong>Maersk Cardiff<\/strong>, un porte-conteneurs long de <strong>250 m\u00e8tres<\/strong> arriv\u00e9 sur le quai du terminal \u00e0 conteneurs de Kribi en provenance de Namibie.<\/p>\n<hr\/>\n<p><strong>Lire aussi\u00a0: <a href=\"https:\/\/ecomatin.net\/performances-les-nouveaux-chiffres-du-port-de-kribi\/\">Performances : Les nouveaux chiffres du port de Kribi<\/a><\/strong><\/p>\n<hr\/>\n<p>Au cours de cette op\u00e9ration, <strong>3 001 conteneurs \u00e9quivalents 20 pieds<\/strong> ont \u00e9t\u00e9 manutentionn\u00e9s au cours de cette journ\u00e9e pour <strong>1 809 mouvements<\/strong>. Soit pr\u00e8s de <strong>2%<\/strong> du volume d\u2019activit\u00e9s enregistr\u00e9s sur toute l\u2019ann\u00e9e 2019.<\/p>\n<p>En effet, KCT a manutentionn\u00e9 <strong>153\u00a0000 EVP<\/strong> en 2019, \u00e0 l\u2019import-export et en transbordement, contre <strong>127\u00a0000 EVP<\/strong> (unit\u00e9 approximative de mesure de conteneur qui regroupe \u00e0 la fois les conteneurs de 20 pieds et de 40 pieds). De ce fait, le nombre de conteneurs manutentionn\u00e9s est en progression de 20% par rapport \u00e0 l\u2019exercice pr\u00e9c\u00e9dent.<\/p>\n<p>Depuis la mise en exploitation du Port autonome de Kribi en mars 2018, KCT, entreprise contr\u00f4l\u00e9e par le consortium <strong>Bollor\u00e9-CHEC-CMA CGM<\/strong> r\u00e9v\u00e8le avoir manutentionn\u00e9 <strong>289\u00a0233 EVP<\/strong> pour 24 mouvements par heure et par portique.<\/p>\n<div class=\"sharedaddy sd-sharing-enabled robots-nocontent sd-block sd-social sd-social-icon-text sd-sharing\">\n<h3 class=\"sd-title\">Partager\u00a0:<\/h3>\n<\/div>\n<p><h3 class=\"jp-relatedposts-headline\"><em>Articles similaires<\/em><\/h3>\n<\/p>\n<div class=\"stream-item stream-item-below-post-content\"><a href=\"https:\/\/www.facebook.com\/canalpluscmr\/\" title=\"\" target=\"_blank\" rel=\"noopener noreferrer\"><img loading=\"lazy\" decoding=\"async\" src=\"https:\/\/ecomatin.net\/wp-content\/uploads\/2020\/01\/ecomatin-H1260-xL-6222-px.png\" alt=\"\" width=\"728\" height=\"90\"\/><\/a><\/div>\n<\/div>\n<div class=\"toggle-post-content clearfix\"><a id=\"toggle-post-button\" class=\"button\" href=\"#\">Afficher plus <\/a><\/div>\n<p>Auteur: Ecomatin<br \/>\n<a href=\"https:\/\/ecomatin.net\/les-activites-ont-augmente-de-20-au-port-autonome-de-kribi-en-2019\/\">Cliquez ici pour lire l&rsquo;article depuis sa source.<\/a><\/p>\n","protected":false},"excerpt":{"rendered":"<p>Kribi containers terminal (KCT), concessionnaire du terminal \u00e0 conteneurs du Port en eau profonde de Kribi, dont les activit\u00e9s ont d\u00e9marr\u00e9 en 2018 sur cette place portuaire situ\u00e9e dans la r\u00e9gion du Sud, annonce avoir r\u00e9alis\u00e9 l\u2019une de ses plus importantes op\u00e9rations le 30 d\u00e9cembre 2019.\u00a0 Notamment lors de l\u2019escale du navire Maersk Cardiff, un [&hellip;]<\/p>\n","protected":false},"author":1969,"featured_media":0,"comment_status":"closed","ping_status":"closed","sticky":false,"template":"","format":"standard","meta":{"fifu_image_url":"","fifu_image_alt":"","footnotes":""},"categories":[82,78],"tags":[],"class_list":["post-73178","post","type-post","status-publish","format-standard","hentry","category-cameroun","category-economie"],"_links":{"self":[{"href":"https:\/\/linitiative.ca\/International\/wp-json\/wp\/v2\/posts\/73178","targetHints":{"allow":["GET"]}}],"collection":[{"href":"https:\/\/linitiative.ca\/International\/wp-json\/wp\/v2\/posts"}],"about":[{"href":"https:\/\/linitiative.ca\/International\/wp-json\/wp\/v2\/types\/post"}],"author":[{"embeddable":true,"href":"https:\/\/linitiative.ca\/International\/wp-json\/wp\/v2\/users\/1969"}],"replies":[{"embeddable":true,"href":"https:\/\/linitiative.ca\/International\/wp-json\/wp\/v2\/comments?post=73178"}],"version-history":[{"count":0,"href":"https:\/\/linitiative.ca\/International\/wp-json\/wp\/v2\/posts\/73178\/revisions"}],"wp:attachment":[{"href":"https:\/\/linitiative.ca\/International\/wp-json\/wp\/v2\/media?parent=73178"}],"wp:term":[{"taxonomy":"category","embeddable":true,"href":"https:\/\/linitiative.ca\/International\/wp-json\/wp\/v2\/categories?post=73178"},{"taxonomy":"post_tag","embeddable":true,"href":"https:\/\/linitiative.ca\/International\/wp-json\/wp\/v2\/tags?post=73178"}],"curies":[{"name":"wp","href":"https:\/\/api.w.org\/{rel}","templated":true}]}}