{"id":73179,"date":"2020-01-15T11:27:02","date_gmt":"2020-01-15T16:27:02","guid":{"rendered":"https:\/\/linitiative.ca\/International\/847-millions-pour-lassurance-du-personnel-de-lagence-de-regulation-des-telecommunications\/"},"modified":"2020-01-15T11:27:02","modified_gmt":"2020-01-15T16:27:02","slug":"847-millions-pour-lassurance-du-personnel-de-lagence-de-regulation-des-telecommunications","status":"publish","type":"post","link":"https:\/\/linitiative.ca\/International\/847-millions-pour-lassurance-du-personnel-de-lagence-de-regulation-des-telecommunications\/","title":{"rendered":"847 millions pour l\u2019assurance du personnel de l\u2019Agence de R\u00e9gulation des T\u00e9l\u00e9communications"},"content":{"rendered":"<p>L\u2019entreprise\u00a0<strong>Nsia Assurances<\/strong>\u00a0vient de d\u00e9crocher un contrat de\u00a0<strong>847,68 millions de FCFA<\/strong>\u00a0pour g\u00e9rer l\u2019assurance sanitaire de l\u2019ensemble du personnel de l\u2019Agence de r\u00e9gulation des t\u00e9l\u00e9communications (<strong>ART<\/strong>) au Cameroun et de leurs familles sur une p\u00e9riode de trois ans. C\u2019est ce qui ressort d\u2019un communiqu\u00e9 publi\u00e9 le 7 janvier 2020 par le directeur g\u00e9n\u00e9ral de l\u2019ART,\u00a0<strong>Phil\u00e9mon Zoo Zame<\/strong>.<\/p>\n<hr\/>\n<p><strong>Lire aussi\u00a0: <a href=\"https:\/\/ecomatin.net\/assurance-nsia-decroche-un-contrat-de-320-millions-a-la-sonatrel\/\">Assurance : Nsia d\u00e9croche un contrat de 320 millions \u00e0 la Sonatrel<\/a><\/strong><\/p>\n<hr\/>\n<p>Les prestations de la filiale camerounaise du groupe ivoirien toucheront l\u2019assurance maladie, l\u2019\u00e9vacuation sanitaire ainsi que l\u2019accident individuel.\u00a0\u00a0Rappelons que l\u2019appel d\u2019offres du r\u00e9gulateur du secteur des t\u00e9l\u00e9communications au Cameroun avait \u00e9t\u00e9 lanc\u00e9 en octobre 2019. Le co\u00fbt pr\u00e9visionnel de\u00a0l\u2019op\u00e9ration \u00e0 l\u2019issue des \u00e9tudes pr\u00e9alables \u00e9tait de\u00a0<strong>900 millions de FCFA<\/strong>, soit\u00a0<strong>300 millions de FCFA<\/strong>\u00a0chaque ann\u00e9e (2020, 2021, 2022).<\/p>\n<p><strong>Nsia<\/strong>\u00a0semble \u00eatre sur une bonne vague au Cameroun. L\u2019entreprise avait d\u00e9j\u00e0 obtenu, en mai 2019, le march\u00e9 d\u2019assurance maladie du personnel de la Soci\u00e9t\u00e9 nationale de transport de l\u2019\u00e9lectricit\u00e9 (<strong>Sonatrel<\/strong>) \u00e0 hauteur de\u00a0<strong>320 millions de FCFA<\/strong>. En f\u00e9vrier 2018, la compagnie d\u00e9crochait \u00e9galement le contrat d\u2019assurance pour le transport des valeurs de la Banque des Etats de l\u2019Afrique centrale (<strong>Beac<\/strong>).<\/p>\n<p>En dehors de ce contrat, Nsia-Cameroun est tr\u00e8s offensive aupr\u00e8s des grandes entreprises, \u00e0 l\u2019instar de la Soci\u00e9t\u00e9 de d\u00e9veloppement du Coton\u00a0(<strong>Sodecoton<\/strong>) ou encore d\u2019Electricity Developement Corporation (<strong>EDC<\/strong>). Pour le cas de cette derni\u00e8re, le minist\u00e8re des March\u00e9s publics avait annonc\u00e9, en avril 2013, l\u2019attribution du march\u00e9 de\u00a0<strong>72 millions de FCFA<\/strong> \u00e0 la compagnie d\u2019assurance NSIA Cameroun, au d\u00e9triment des leaders du secteur des assurances\u00a0tels que\u00a0<strong>Chanas<\/strong>, <strong>Axa<\/strong>, <strong>Colina<\/strong>, <strong>Zenithe<\/strong>, <strong>Pro Assur<\/strong>, <strong>Activa<\/strong>, etc.<\/p>\n<div class=\"sharedaddy sd-sharing-enabled robots-nocontent sd-block sd-social sd-social-icon-text sd-sharing\">\n<h3 class=\"sd-title\">Partager\u00a0:<\/h3>\n<\/div>\n<p><h3 class=\"jp-relatedposts-headline\"><em>Articles similaires<\/em><\/h3>\n<\/p>\n<div class=\"stream-item stream-item-below-post-content\"><a href=\"https:\/\/www.facebook.com\/canalpluscmr\/\" title=\"\" target=\"_blank\" rel=\"noopener noreferrer\"><img loading=\"lazy\" decoding=\"async\" src=\"https:\/\/ecomatin.net\/wp-content\/uploads\/2020\/01\/ecomatin-H1260-xL-6222-px.png\" alt=\"\" width=\"728\" height=\"90\"\/><\/a><\/div>\n<p>Auteur: Ecomatin<br \/>\n<a href=\"https:\/\/ecomatin.net\/847-millions-pour-lassurance-du-personnel-de-lagence-de-regulation-des-telecommunications\/\">Cliquez ici pour lire l&rsquo;article depuis sa source.<\/a><\/p>\n","protected":false},"excerpt":{"rendered":"<p>L\u2019entreprise\u00a0Nsia Assurances\u00a0vient de d\u00e9crocher un contrat de\u00a0847,68 millions de FCFA\u00a0pour g\u00e9rer l\u2019assurance sanitaire de l\u2019ensemble du personnel de l\u2019Agence de r\u00e9gulation des t\u00e9l\u00e9communications (ART) au Cameroun et de leurs familles sur une p\u00e9riode de trois ans. C\u2019est ce qui ressort d\u2019un communiqu\u00e9 publi\u00e9 le 7 janvier 2020 par le directeur g\u00e9n\u00e9ral de l\u2019ART,\u00a0Phil\u00e9mon Zoo Zame. [&hellip;]<\/p>\n","protected":false},"author":1969,"featured_media":73180,"comment_status":"closed","ping_status":"closed","sticky":false,"template":"","format":"standard","meta":{"fifu_image_url":"","fifu_image_alt":"","footnotes":""},"categories":[82,78],"tags":[],"class_list":["post-73179","post","type-post","status-publish","format-standard","has-post-thumbnail","hentry","category-cameroun","category-economie"],"_links":{"self":[{"href":"https:\/\/linitiative.ca\/International\/wp-json\/wp\/v2\/posts\/73179","targetHints":{"allow":["GET"]}}],"collection":[{"href":"https:\/\/linitiative.ca\/International\/wp-json\/wp\/v2\/posts"}],"about":[{"href":"https:\/\/linitiative.ca\/International\/wp-json\/wp\/v2\/types\/post"}],"author":[{"embeddable":true,"href":"https:\/\/linitiative.ca\/International\/wp-json\/wp\/v2\/users\/1969"}],"replies":[{"embeddable":true,"href":"https:\/\/linitiative.ca\/International\/wp-json\/wp\/v2\/comments?post=73179"}],"version-history":[{"count":0,"href":"https:\/\/linitiative.ca\/International\/wp-json\/wp\/v2\/posts\/73179\/revisions"}],"wp:featuredmedia":[{"embeddable":true,"href":"https:\/\/linitiative.ca\/International\/wp-json\/"}],"wp:attachment":[{"href":"https:\/\/linitiative.ca\/International\/wp-json\/wp\/v2\/media?parent=73179"}],"wp:term":[{"taxonomy":"category","embeddable":true,"href":"https:\/\/linitiative.ca\/International\/wp-json\/wp\/v2\/categories?post=73179"},{"taxonomy":"post_tag","embeddable":true,"href":"https:\/\/linitiative.ca\/International\/wp-json\/wp\/v2\/tags?post=73179"}],"curies":[{"name":"wp","href":"https:\/\/api.w.org\/{rel}","templated":true}]}}