{"id":73181,"date":"2020-01-15T11:38:19","date_gmt":"2020-01-15T16:38:19","guid":{"rendered":"https:\/\/linitiative.ca\/International\/la-semry-table-sur-une-production-de-45-000-tonnes-de-riz-en-2020\/"},"modified":"2020-01-15T11:38:19","modified_gmt":"2020-01-15T16:38:19","slug":"la-semry-table-sur-une-production-de-45-000-tonnes-de-riz-en-2020","status":"publish","type":"post","link":"https:\/\/linitiative.ca\/International\/la-semry-table-sur-une-production-de-45-000-tonnes-de-riz-en-2020\/","title":{"rendered":"La Semry table sur une production de 45 000 tonnes de riz en 2020"},"content":{"rendered":"<div class=\"featured-area featured-area-inner\"><img loading=\"lazy\" decoding=\"async\" width=\"450\" height=\"225\" src=\"https:\/\/ecomatin.net\/wp-content\/uploads\/2020\/01\/riz-bris\u00e9-s\u00e9n\u00e9gal-450x225-1.jpeg?is-pending-load=1\" class=\"attachment-jannah-image-post size-jannah-image-post wp-post-image jetpack-lazy-image\" alt=\"\" data-lazy-srcset=\"https:\/\/ecomatin.net\/wp-content\/uploads\/2020\/01\/riz-bris\u00e9-s\u00e9n\u00e9gal-450x225-1.jpeg 450w, https:\/\/ecomatin.net\/wp-content\/uploads\/2020\/01\/riz-bris\u00e9-s\u00e9n\u00e9gal-450x225-1-300x150.jpeg 300w\" data-lazy-sizes=\"(max-width: 450px) 100vw, 450px\" srcset=\"data:image\/gif;base64,R0lGODlhAQABAIAAAAAAAP\/\/\/yH5BAEAAAAALAAAAAABAAEAAAIBRAA7\"\/><\/div>\n<div class=\"entry-content entry clearfix\" readability=\"66.1263453439\">\n<p>Le 13 janvier \u00e0 Yaound\u00e9, le ministre du Commerce, <strong>Luc Magloire Mbarga Atangana<\/strong> a pr\u00e9sid\u00e9 une s\u00e9rie de concertations avec les acteurs des fili\u00e8res boissons hygi\u00e9niques, riz, poissons, huile de palme, farine de bl\u00e9 et p\u00e2tes alimentaires. L\u2019objectif \u00e9tait d\u2019\u00e9valuer les performances 2019 et d\u2019\u00e9tablir le calendrier des approvisionnements en 2020. Le Mincommerce a incit\u00e9 les op\u00e9rateurs \u00e0 produire plus pour la satisfaction des besoins des consommateurs, et surtout r\u00e9duire les importations qui fragilisent la balance commerciale.<\/p>\n<hr\/>\n<p><strong>Lire aussi\u00a0: <a href=\"https:\/\/ecomatin.net\/production-de-riz-la-banque-mondiale-reconnait-lechec-de-la-semry\/\">Production de riz : la Banque mondiale reconnait l\u2019\u00e9chec de la Semry<\/a><\/strong><\/p>\n<hr\/>\n<p>Pour l\u2019ann\u00e9e en cours, les acteurs de la fili\u00e8re riz, ont convenu de prendre les mesures ad\u00e9quates pour \u00e9viter d\u2019\u00e9ventuelles p\u00e9nuries. En ce qui concerne la production nationale, la <strong>Soci\u00e9t\u00e9 d\u2019expansion et de modernisation de la riziculture de Yagoua<\/strong> (<strong>Semry<\/strong>) table sur une production nationale de <strong>45\u00a0000 tonnes<\/strong> de riz blanchi, soit une augmentation de <strong>1 000 tonnes<\/strong> par rapport \u00e0 l\u2019ann\u00e9e 2019.\u00a0 La soci\u00e9t\u00e9 promet \u00e9galement de mettre en place une suppl\u00e9mentaires de <strong>13\u00a0500 hectares<\/strong> de plantations.<\/p>\n<p>Pour y parvenir, la Semry compte sensibiliser les riziculteurs afin que le calendrier cultural soit respect\u00e9. Il s\u2019agira \u00e9galement de mener un bon entretien des engins de labour et g\u00e9nie-civil qui conditionne la mise en place de la culture de riz. Concernant le <strong>riz de Ndop<\/strong>, les responsables envisagent de doubler la production \u00e0 hauteur de <strong>3 000 tonnes<\/strong> pour rendre le riz local plus accessible.<\/p>\n<p>L\u2019augmentation de la production nationale de riz, un des premiers aliments de consommation de masse, est un v\u00e9ritable enjeu pour le Cameroun. Entre 2015 et 2017, le d\u00e9ficit a pouss\u00e9 le pays \u00e0 importer cette denr\u00e9e alimentaire pour 508 milliards de FCFA, selon les donn\u00e9es du minist\u00e8re du Commerce. Cela fait en moyenne 160 milliards de FCFA d\u00e9pens\u00e9s par an pour combler la demande de 300\u00a0000 tonnes. Des d\u00e9penses bien sup\u00e9rieures au 300 millions de FCFA accord\u00e9s annuellement par l\u2019Etat \u00e0 la Semry.<\/p>\n<div class=\"sharedaddy sd-sharing-enabled robots-nocontent sd-block sd-social sd-social-icon-text sd-sharing\">\n<h3 class=\"sd-title\">Partager\u00a0:<\/h3>\n<\/div>\n<p><h3 class=\"jp-relatedposts-headline\"><em>Articles similaires<\/em><\/h3>\n<\/p>\n<div class=\"stream-item stream-item-below-post-content\"><a href=\"https:\/\/www.facebook.com\/canalpluscmr\/\" title=\"\" target=\"_blank\" rel=\"noopener noreferrer\"><img loading=\"lazy\" decoding=\"async\" src=\"https:\/\/ecomatin.net\/wp-content\/uploads\/2020\/01\/ecomatin-H1260-xL-6222-px.png\" alt=\"\" width=\"728\" height=\"90\"\/><\/a><\/div>\n<\/div>\n<div class=\"toggle-post-content clearfix\"><a id=\"toggle-post-button\" class=\"button\" href=\"#\">Afficher plus <\/a><\/div>\n<p>Auteur: Ecomatin<br \/>\n<a href=\"https:\/\/ecomatin.net\/la-semry-table-sur-une-production-de-45-000-tonnes-de-riz-en-2020\/\">Cliquez ici pour lire l&rsquo;article depuis sa source.<\/a><\/p>\n","protected":false},"excerpt":{"rendered":"<p>Le 13 janvier \u00e0 Yaound\u00e9, le ministre du Commerce, Luc Magloire Mbarga Atangana a pr\u00e9sid\u00e9 une s\u00e9rie de concertations avec les acteurs des fili\u00e8res boissons hygi\u00e9niques, riz, poissons, huile de palme, farine de bl\u00e9 et p\u00e2tes alimentaires. L\u2019objectif \u00e9tait d\u2019\u00e9valuer les performances 2019 et d\u2019\u00e9tablir le calendrier des approvisionnements en 2020. Le Mincommerce a incit\u00e9 [&hellip;]<\/p>\n","protected":false},"author":1969,"featured_media":0,"comment_status":"closed","ping_status":"closed","sticky":false,"template":"","format":"standard","meta":{"fifu_image_url":"","fifu_image_alt":"","footnotes":""},"categories":[82,78],"tags":[],"class_list":["post-73181","post","type-post","status-publish","format-standard","hentry","category-cameroun","category-economie"],"_links":{"self":[{"href":"https:\/\/linitiative.ca\/International\/wp-json\/wp\/v2\/posts\/73181","targetHints":{"allow":["GET"]}}],"collection":[{"href":"https:\/\/linitiative.ca\/International\/wp-json\/wp\/v2\/posts"}],"about":[{"href":"https:\/\/linitiative.ca\/International\/wp-json\/wp\/v2\/types\/post"}],"author":[{"embeddable":true,"href":"https:\/\/linitiative.ca\/International\/wp-json\/wp\/v2\/users\/1969"}],"replies":[{"embeddable":true,"href":"https:\/\/linitiative.ca\/International\/wp-json\/wp\/v2\/comments?post=73181"}],"version-history":[{"count":0,"href":"https:\/\/linitiative.ca\/International\/wp-json\/wp\/v2\/posts\/73181\/revisions"}],"wp:attachment":[{"href":"https:\/\/linitiative.ca\/International\/wp-json\/wp\/v2\/media?parent=73181"}],"wp:term":[{"taxonomy":"category","embeddable":true,"href":"https:\/\/linitiative.ca\/International\/wp-json\/wp\/v2\/categories?post=73181"},{"taxonomy":"post_tag","embeddable":true,"href":"https:\/\/linitiative.ca\/International\/wp-json\/wp\/v2\/tags?post=73181"}],"curies":[{"name":"wp","href":"https:\/\/api.w.org\/{rel}","templated":true}]}}