{"id":73182,"date":"2020-01-15T11:47:24","date_gmt":"2020-01-15T16:47:24","guid":{"rendered":"https:\/\/linitiative.ca\/International\/les-circonstances-exactes-du-deces-de-lenseignant-njoni-tchakounte-encore-inconnues\/"},"modified":"2020-01-15T11:47:24","modified_gmt":"2020-01-15T16:47:24","slug":"les-circonstances-exactes-du-deces-de-lenseignant-njoni-tchakounte-encore-inconnues","status":"publish","type":"post","link":"https:\/\/linitiative.ca\/International\/les-circonstances-exactes-du-deces-de-lenseignant-njoni-tchakounte-encore-inconnues\/","title":{"rendered":"Les circonstances exactes du d\u00e9c\u00e8s de l\u2019enseignant Njoni Tchakount\u00e9 encore inconnues"},"content":{"rendered":"<p>La communaut\u00e9 \u00e9ducative du Cameroun vient une fois de plus de vivre un drame. <strong>Boris Kevin Njoni Tchakount\u00e9<\/strong>, enseignant en cours d\u2019int\u00e9gration (<strong>ECI<\/strong>) nouvellement affect\u00e9 au Lyc\u00e9e Classique de Nkolbisson, n\u2019est plus. Il a rendu l\u2019\u00e2me au Centre Hospitalier Universitaire (<strong>CHU<\/strong>) de Yaound\u00e9 mardi 14 janvier 2020. L\u2019auteur pr\u00e9sum\u00e9 de ce crime, Brice Bisse Ngosso, est son \u00e9l\u00e8ve de la classe de 4<sup>e<\/sup> espagnol 2.<\/p>\n<p>Pour l\u2019instant, les circonstances du d\u00e9c\u00e8s de l\u2019enseignant de math\u00e9matiques ne sont pas tr\u00e8s bien \u00e9tablies. Une seule chose est certaine, les faits se sont produits en pleine salle de classe, durant le cours. \u00ab\u00a0Le professeur entre en classe, il enl\u00e8ve sa montre et son t\u00e9l\u00e9phone, il garde. Ensuite, il demande \u00e0 Bisse de se mettre dehors et Bisse est venu se mettre devant la porte. Quand le professeur vient, il pousse Bisse dehors. Bisse se met au mur, il donne un coup de t\u00eate au professeur, il tombe. Apr\u00e8s Bisse retire le couteau, il le poignarde trois fois. Et il escalade par le mur\u00a0; il prend la fuite \u00bb, raconte un des camarades du pr\u00e9sum\u00e9 assassin.<\/p>\n<p>Une version des faits en contradiction avec celle d\u2019un des coll\u00e8gues de l\u2019enseignant d\u00e9c\u00e9d\u00e9 qui a accord\u00e9 un entretien au quotidien <em>Mutations<\/em>. <em>\u00ab\u00a0Mon coll\u00e8gue Maurice dispensait paisiblement son cours lorsque son attention a \u00e9t\u00e9 port\u00e9e sur un \u00e9l\u00e8ve visiblement discret. Lorsqu\u2019il s\u2019est rapproch\u00e9 de lui, il a constat\u00e9 que le jeune \u00e9l\u00e8ve \u00e9tait concentr\u00e9 sur son t\u00e9l\u00e9phone portable. Courrouc\u00e9, il va lui intimer l\u2019ordre de lui remettre ledit appareil qu\u2019il devra faire confisquer par les services administratifs comp\u00e9tents conform\u00e9ment aux dispositions du r\u00e8glement int\u00e9rieur de l\u2019\u00e9tablissement en mati\u00e8re de possession et usage des t\u00e9l\u00e9phones portables au sein des \u00e9tablissements scolaires. L\u2019\u00e9l\u00e8ve va refuser de s\u2019ex\u00e9cuter. Maurice va alors essayer de lui prendre le t\u00e9l\u00e9phone en vain \u00bb<\/em>, raconte pour sa part l\u2019enseignant.<\/p>\n<p>Les r\u00e9actions d\u2019indignation ont fus\u00e9 de partout. La ministre des Enseignements secondaires, <strong>Pr. Nalova Lyonga<\/strong> s\u2019est rendue sur les lieux aussit\u00f4t avoir appris le drame, pour y tenir une r\u00e9union de crise. Elle a par ailleurs condamn\u00e9 l\u2019acte de l\u2019\u00e9l\u00e8ve, tout en appelant les enseignants \u00e0 faire preuve de plus de plus de prudence dans la gestion des \u00e9l\u00e8ves. Par la suite un communiqu\u00e9 de presse de son minist\u00e8re est venu apporter des pr\u00e9cisions sur le statut du d\u00e9funt. Le pr\u00e9sum\u00e9 coupable a \u00e9t\u00e9 mis aux arr\u00eats et une enqu\u00eate a \u00e9t\u00e9 ouverte pour d\u00e9terminer les raisons du crime. Et une enqu\u00eate est en cours pour faire la lumi\u00e8re sur les \u00e9v\u00e8nements qui ont conduit \u00e0 cette trag\u00e9die.<\/p>\n<div class=\"sharedaddy sd-sharing-enabled robots-nocontent sd-block sd-social sd-social-icon-text sd-sharing\">\n<h3 class=\"sd-title\">Partager\u00a0:<\/h3>\n<\/div>\n<p><h3 class=\"jp-relatedposts-headline\"><em>Articles similaires<\/em><\/h3>\n<\/p>\n<div class=\"stream-item stream-item-below-post-content\"><a href=\"https:\/\/www.facebook.com\/canalpluscmr\/\" title=\"\" target=\"_blank\" rel=\"noopener noreferrer\"><img loading=\"lazy\" decoding=\"async\" src=\"https:\/\/ecomatin.net\/wp-content\/uploads\/2020\/01\/ecomatin-H1260-xL-6222-px.png\" alt=\"\" width=\"728\" height=\"90\"\/><\/a><\/div>\n<p>Auteur: Ecomatin<br \/>\n<a href=\"https:\/\/ecomatin.net\/les-circonstances-exactes-du-deces-de-lenseignant-njoni-tchakounte-encore-inconnues\/\">Cliquez ici pour lire l&rsquo;article depuis sa source.<\/a><\/p>\n","protected":false},"excerpt":{"rendered":"<p>La communaut\u00e9 \u00e9ducative du Cameroun vient une fois de plus de vivre un drame. Boris Kevin Njoni Tchakount\u00e9, enseignant en cours d\u2019int\u00e9gration (ECI) nouvellement affect\u00e9 au Lyc\u00e9e Classique de Nkolbisson, n\u2019est plus. Il a rendu l\u2019\u00e2me au Centre Hospitalier Universitaire (CHU) de Yaound\u00e9 mardi 14 janvier 2020. L\u2019auteur pr\u00e9sum\u00e9 de ce crime, Brice Bisse Ngosso, [&hellip;]<\/p>\n","protected":false},"author":1969,"featured_media":73183,"comment_status":"closed","ping_status":"closed","sticky":false,"template":"","format":"standard","meta":{"fifu_image_url":"","fifu_image_alt":"","footnotes":""},"categories":[82,78],"tags":[],"class_list":["post-73182","post","type-post","status-publish","format-standard","has-post-thumbnail","hentry","category-cameroun","category-economie"],"_links":{"self":[{"href":"https:\/\/linitiative.ca\/International\/wp-json\/wp\/v2\/posts\/73182","targetHints":{"allow":["GET"]}}],"collection":[{"href":"https:\/\/linitiative.ca\/International\/wp-json\/wp\/v2\/posts"}],"about":[{"href":"https:\/\/linitiative.ca\/International\/wp-json\/wp\/v2\/types\/post"}],"author":[{"embeddable":true,"href":"https:\/\/linitiative.ca\/International\/wp-json\/wp\/v2\/users\/1969"}],"replies":[{"embeddable":true,"href":"https:\/\/linitiative.ca\/International\/wp-json\/wp\/v2\/comments?post=73182"}],"version-history":[{"count":0,"href":"https:\/\/linitiative.ca\/International\/wp-json\/wp\/v2\/posts\/73182\/revisions"}],"wp:featuredmedia":[{"embeddable":true,"href":"https:\/\/linitiative.ca\/International\/wp-json\/"}],"wp:attachment":[{"href":"https:\/\/linitiative.ca\/International\/wp-json\/wp\/v2\/media?parent=73182"}],"wp:term":[{"taxonomy":"category","embeddable":true,"href":"https:\/\/linitiative.ca\/International\/wp-json\/wp\/v2\/categories?post=73182"},{"taxonomy":"post_tag","embeddable":true,"href":"https:\/\/linitiative.ca\/International\/wp-json\/wp\/v2\/tags?post=73182"}],"curies":[{"name":"wp","href":"https:\/\/api.w.org\/{rel}","templated":true}]}}