{"id":73184,"date":"2020-01-16T08:29:46","date_gmt":"2020-01-16T13:29:46","guid":{"rendered":"https:\/\/linitiative.ca\/International\/muay-thai-le-champion-du-monde-youssef-boughanem-encadre-une-session-dentrainement-a-casablanca\/"},"modified":"2020-01-16T08:29:46","modified_gmt":"2020-01-16T13:29:46","slug":"muay-thai-le-champion-du-monde-youssef-boughanem-encadre-une-session-dentrainement-a-casablanca","status":"publish","type":"post","link":"https:\/\/linitiative.ca\/International\/muay-thai-le-champion-du-monde-youssef-boughanem-encadre-une-session-dentrainement-a-casablanca\/","title":{"rendered":"Muay-tha\u00ef : Le champion du monde Youssef Boughanem encadre une session d\u2019entra\u00eenement \u00e0 Casablanca"},"content":{"rendered":"<header>\n<div class=\"entry-post-meta\">\n<div class=\"author-link\">Publi\u00e9 par <a itemprop=\"author\" itemscope=\"\" itemtype=\"https:\/\/schema.org\/Person\" href=\"http:\/\/aujourdhui.ma\/profile\/kaid\" rel=\"author\"><span itemprop=\"name\">ALM<\/span><\/a><\/div>\n<p>Date\u00a0:<time content=\"2020-01-16T14:29:46+00:00\" class=\"entry-date updated\" datetime=\"2020-01-16T14:29:46+00:00\">janvier 16, 2020<\/time><\/p>\n<div class=\"entry-cat\">dans:<a href=\"http:\/\/aujourdhui.ma\/category\/sports\" rel=\"category tag\">Sports<\/a><\/div>\n<p>0 Vues<\/p>\n<\/div>\n<\/header>\n<div class=\"entry-content clearfix\" readability=\"63\"><img decoding=\"async\" class=\"post_layout_5_img\" src=\"http:\/\/aujourdhui.ma\/wp-content\/uploads\/2020\/01\/Youssef-Boughanem-Muay-thai%CC%88.jpg?x29840\" alt=\"Muay-tha\u00ef : Le champion du monde Youssef Boughanem encadre une session d\u2019entra\u00eenement \u00e0 Casablanca\"\/><\/p>\n<p class=\"p1\"><span class=\"s1\"><span class=\"c4\"><strong>Le champion du monde de muay-tha\u00ef, le Marocain Youssef Boughanem, encadrera, le 19 janvier \u00e0 la salle couverte du complexe sportif Mohammed V \u00e0 Casablanca, une session d\u2019entra\u00eenement tenue par la Ligue Chaouia, sous l\u2019\u00e9gide de la F\u00e9d\u00e9ration royale marocaine de kick-boxing, muay thai-savate et sport assimil\u00e9.<\/strong><\/span><\/span><span id=\"more-330031\"\/><\/p>\n<p class=\"p1\"><span class=\"s1\">La f\u00e9d\u00e9ration indique dans un communiqu\u00e9 que cette session, organis\u00e9e en collaboration avec la commission du professionnalisme de la f\u00e9d\u00e9ration, s\u2019inscrit dans le cadre de l\u2019approche constante que celle-ci a adopt\u00e9e depuis sa cr\u00e9ation, bas\u00e9e sur le renforcement de la communication avec les champions marocains r\u00e9sidant \u00e0 l\u2019\u00e9tranger.<\/span><\/p>\n<p class=\"p1\"><span class=\"s1\">D\u00e9tenteur d\u2019une s\u00e9rie de titres mondiaux, Youssef Boughanem, qui r\u00e9side en Tha\u00eflande, est actuellement consid\u00e9r\u00e9 comme l\u2019une des l\u00e9gendes du muay-thai au niveau international. Il compte \u00e0 son actif plus de 240 matchs professionnels, ajoute la m\u00eame source.<\/span><\/p>\n<p class=\"p1\"><span class=\"s1\">Boughanem conserve toujours son titre mondial attribu\u00e9 par le World Boxing Council Muaythai (WBC), note la f\u00e9d\u00e9ration, ajoutant que le champion marocain a \u00e9galement \u00e9t\u00e9 choisi meilleur sportif de l\u2019ann\u00e9e 2019 par la F\u00e9d\u00e9ration internationale de muay-tha\u00ef professionnel.<\/span><\/p>\n<\/div>\n<p>Auteur: ALM<br \/>\n<a href=\"http:\/\/aujourdhui.ma\/sports\/muay-thai-le-champion-du-monde-youssef-boughanem-encadre-une-session-dentrainement-a-casablanca\">Cliquez ici pour lire l&rsquo;article depuis sa source.<\/a><\/p>\n","protected":false},"excerpt":{"rendered":"<p>Publi\u00e9 par ALM Date\u00a0:janvier 16, 2020 dans:Sports 0 Vues Le champion du monde de muay-tha\u00ef, le Marocain Youssef Boughanem, encadrera, le 19 janvier \u00e0 la salle couverte du complexe sportif Mohammed V \u00e0 Casablanca, une session d\u2019entra\u00eenement tenue par la Ligue Chaouia, sous l\u2019\u00e9gide de la F\u00e9d\u00e9ration royale marocaine de kick-boxing, muay thai-savate et sport [&hellip;]<\/p>\n","protected":false},"author":1759,"featured_media":0,"comment_status":"closed","ping_status":"closed","sticky":false,"template":"","format":"standard","meta":{"fifu_image_url":"","fifu_image_alt":"","footnotes":""},"categories":[73,54],"tags":[],"class_list":["post-73184","post","type-post","status-publish","format-standard","hentry","category-actualite","category-maroc"],"_links":{"self":[{"href":"https:\/\/linitiative.ca\/International\/wp-json\/wp\/v2\/posts\/73184","targetHints":{"allow":["GET"]}}],"collection":[{"href":"https:\/\/linitiative.ca\/International\/wp-json\/wp\/v2\/posts"}],"about":[{"href":"https:\/\/linitiative.ca\/International\/wp-json\/wp\/v2\/types\/post"}],"author":[{"embeddable":true,"href":"https:\/\/linitiative.ca\/International\/wp-json\/wp\/v2\/users\/1759"}],"replies":[{"embeddable":true,"href":"https:\/\/linitiative.ca\/International\/wp-json\/wp\/v2\/comments?post=73184"}],"version-history":[{"count":0,"href":"https:\/\/linitiative.ca\/International\/wp-json\/wp\/v2\/posts\/73184\/revisions"}],"wp:attachment":[{"href":"https:\/\/linitiative.ca\/International\/wp-json\/wp\/v2\/media?parent=73184"}],"wp:term":[{"taxonomy":"category","embeddable":true,"href":"https:\/\/linitiative.ca\/International\/wp-json\/wp\/v2\/categories?post=73184"},{"taxonomy":"post_tag","embeddable":true,"href":"https:\/\/linitiative.ca\/International\/wp-json\/wp\/v2\/tags?post=73184"}],"curies":[{"name":"wp","href":"https:\/\/api.w.org\/{rel}","templated":true}]}}