{"id":73185,"date":"2020-01-16T08:51:36","date_gmt":"2020-01-16T13:51:36","guid":{"rendered":"https:\/\/linitiative.ca\/International\/inaugure-mardi-dernier-le-musee-national-de-la-photographie-prend-ses-quartiers-au-fameux-el-borj-a-rabat\/"},"modified":"2020-01-16T08:51:36","modified_gmt":"2020-01-16T13:51:36","slug":"inaugure-mardi-dernier-le-musee-national-de-la-photographie-prend-ses-quartiers-au-fameux-el-borj-a-rabat","status":"publish","type":"post","link":"https:\/\/linitiative.ca\/International\/inaugure-mardi-dernier-le-musee-national-de-la-photographie-prend-ses-quartiers-au-fameux-el-borj-a-rabat\/","title":{"rendered":"Inaugur\u00e9 mardi dernier : Le Mus\u00e9e national de la photographie prend  ses quartiers au fameux \u00abEl Borj\u00bb \u00e0 Rabat"},"content":{"rendered":"<p><img decoding=\"async\" class=\"post_layout_5_img\" src=\"http:\/\/aujourdhui.ma\/wp-content\/uploads\/2020\/01\/El-Borj-Rabat-Muse%CC%81e-national-de-la-photographie.jpg?x29840\" alt=\"Inaugur\u00e9 mardi dernier : Le Mus\u00e9e national de la photographie prend ses quartiers au fameux \u00abEl Borj\u00bb \u00e0 Rabat\"\/><\/p>\n<p class=\"p1\"><span class=\"c4\"><strong><em>La carte blanche a \u00e9t\u00e9 donn\u00e9e \u00e0 Yassine Alaoui Ismaili, alias \u00abYoriyas\u00bb, jeune photographe marocain, pour s\u00e9lectionner les \u0153uvres de jeunes photographes \u00e9mergents.<\/em><\/strong><\/span> <span id=\"more-330042\"\/><\/p>\n<p class=\"p1\"><span class=\"s1\"><a href=\"http:\/\/aujourdhui.ma\/wp-content\/uploads\/2020\/01\/El-Borj-Rabat-Muse%CC%81e-national-de-la-photographie-.jpg?x29840\"><img loading=\"lazy\" decoding=\"async\" class=\"size-full wp-image-330050 alignleft\" src=\"http:\/\/aujourdhui.ma\/wp-content\/uploads\/2020\/01\/El-Borj-Rabat-Muse%CC%81e-national-de-la-photographie-.jpg?x29840\" alt=\"\" width=\"327\" height=\"739\" srcset=\"http:\/\/aujourdhui.ma\/wp-content\/uploads\/2020\/01\/El-Borj-Rabat-Muse\u0301e-national-de-la-photographie-.jpg 327w, http:\/\/aujourdhui.ma\/wp-content\/uploads\/2020\/01\/El-Borj-Rabat-Muse\u0301e-national-de-la-photographie--133x300.jpg 133w\" sizes=\"auto, (max-width: 327px) 100vw, 327px\"\/><\/a>Un nouveau Mus\u00e9e national voit le jour \u00e0 Rabat. D\u00e9di\u00e9 \u00e0 la photographie, ce lieu artistique, dont le vernissage s\u2019est tenu mardi \u00e0 Rabat, a la particularit\u00e9 d\u2019\u00eatre dans une place qui ajoute \u00e0 son charme. <em>\u00abLe Mus\u00e9e national de la photographie se situe dans le quartier de l\u2019Oc\u00e9an, il donne la possibilit\u00e9 \u00e0 tous ces quartiers en bord de mer d\u2019aller vers la culture\u00bb,<\/em> pr\u00e9cise Mehdi Qotbi, pr\u00e9sident de la Fondation nationale des mus\u00e9es. Ainsi, cette structure offre, selon ses dires, les cimaises du Fort Rottembourg, alias Borj El Kebir, \u00e0 des jeunes photographes, \u00e0 travers une carte blanche \u00e0 Yoriyas, jeune photographe marocain, pour montrer et exposer leur travail. <em>\u00abCar nous travaillons aussi pour la jeunesse\u00bb<\/em>, encha\u00eene M. Qotbi qui indique que ce mus\u00e9e n\u2019aurait pu avoir lieu sans la contribution de la Soci\u00e9t\u00e9 Rabat R\u00e9gion Am\u00e9nagements sous la tutelle de la wilaya de la r\u00e9gion Rabat-Sal\u00e9-K\u00e9nitra dans le cadre de la restauration du Fort Rottembourg \u00e0 Rabat.<\/span><\/p>\n<p class=\"p1\"><span class=\"s1\">Pour ouvrir ce mus\u00e9e, l\u2019exposition inaugurale \u00abSourtna\u00bb, initi\u00e9e tout comme le mus\u00e9e par la fondation, marque le d\u00e9marrage de l\u2019ann\u00e9e culturelle 2020. La carte blanche a \u00e9t\u00e9 donn\u00e9e \u00e0 Yassine Alaoui Ismaili, alias \u00abYoriyas\u00bb, jeune photographe marocain, pour s\u00e9lectionner les \u0153uvres de jeunes photographes \u00e9mergents. <em>\u00abDans ma s\u00e9lection, j\u2019ai rassembl\u00e9 des auteurs reconnus, des photographes \u00e9mergents et des jeunes regards \u00e0 encourager. C\u2019est important pour moi de les montrer ensemble, pour mettre en valeur leur coh\u00e9rence, leur dynamisme et leur compl\u00e9mentarit\u00e9, et encourager la transmission d\u2019une g\u00e9n\u00e9ration \u00e0 l\u2019autre. C\u2019est une chance historique\u00bb,<\/em> d\u00e9clare Yoriyas. Pour lui, les auteurs expos\u00e9s ont en commun le sentiment de \u00abresponsabilit\u00e9\u00bb. <em>\u00abJe suis convaincu que le d\u00e9veloppement visuel fait partie du d\u00e9veloppement socio-\u00e9conomique d\u2019un pays. Pour moi, cela veut dire que le Maroc est capable de se raconter lui-m\u00eame en images\u00bb,<\/em> poursuit l\u2019artiste. A propos de lui, la fondation indique que c\u2019est une valeur montante de la photographie internationale \u00e0 35 ans. Il est \u00abstreet photographer\u00bb, apr\u00e8s avoir \u00e9t\u00e9 breakdancer et chor\u00e9graphe. Yassine Alaoui Ismaili est \u00e9galement laur\u00e9at 2019 du Prix des amis de l\u2019Institut du monde arabe pour la cr\u00e9ation contemporaine. Il a \u00e9galement expos\u00e9 en 2018 \u00e0 la Fondation Herm\u00e8s et poursuit un travail original dans les rues de sa ville d\u2019origine, Casablanca.<\/span><\/p>\n<p class=\"p1\"><span class=\"s1\">De plus, la fondation \u00e9tablit un rapport entre cet art et le mus\u00e9e. <em>\u00abAlors que la photographie s\u2019impose comme une tendance forte de la cr\u00e9ation contemporaine, Rabat est de nouveau pr\u00e9curseur en lui d\u00e9diant un mus\u00e9e national, le premier au Maroc, et l\u2019un des pionniers au niveau du continent africain\u00bb.<\/em><\/span><\/p>\n<p class=\"p1\"><span class=\"s1\">Pour rappl, le Fort Rottembourg est un monument historique b\u00e2ti au bord de la c\u00f4te atlantique. Il a \u00e9t\u00e9 restaur\u00e9 dans le cadre du projet \u00ab Rabat ville lumi\u00e8re et capitale marocaine de la culture \u00bb et r\u00e9habilit\u00e9 par la fondation puis ouvert au public pour la premi\u00e8re fois dans le cadre de la premi\u00e8re Biennale de Rabat 2019. C\u2019est une fortification \u00e9rig\u00e9e \u00e0 la fin du 19\u00e8me si\u00e8cle sur la corniche de Rabat afin d\u2019abriter deux canons de 30 tonnes venus d\u2019Hambourg et offerts par les Allemands.<\/span><\/p>\n<p class=\"p1\"><span class=\"s1\">Le premier nom du fort tire son nom de celui de l\u2019ing\u00e9nieur allemand Walter Rottemburg.<\/span><\/p>\n<p>Auteur: ALM<br \/>\n<a href=\"http:\/\/aujourdhui.ma\/culture\/inaugure-mardi-dernier-le-musee-national-de-la-photographie-prend-ses-quartiers-au-fameux-el-borj-a-rabat\">Cliquez ici pour lire l&rsquo;article depuis sa source.<\/a><\/p>\n","protected":false},"excerpt":{"rendered":"<p>La carte blanche a \u00e9t\u00e9 donn\u00e9e \u00e0 Yassine Alaoui Ismaili, alias \u00abYoriyas\u00bb, jeune photographe marocain, pour s\u00e9lectionner les \u0153uvres de jeunes photographes \u00e9mergents. Un nouveau Mus\u00e9e national voit le jour \u00e0 Rabat. D\u00e9di\u00e9 \u00e0 la photographie, ce lieu artistique, dont le vernissage s\u2019est tenu mardi \u00e0 Rabat, a la particularit\u00e9 d\u2019\u00eatre dans une place qui [&hellip;]<\/p>\n","protected":false},"author":1759,"featured_media":0,"comment_status":"closed","ping_status":"closed","sticky":false,"template":"","format":"standard","meta":{"fifu_image_url":"","fifu_image_alt":"","footnotes":""},"categories":[73,54],"tags":[],"class_list":["post-73185","post","type-post","status-publish","format-standard","hentry","category-actualite","category-maroc"],"_links":{"self":[{"href":"https:\/\/linitiative.ca\/International\/wp-json\/wp\/v2\/posts\/73185","targetHints":{"allow":["GET"]}}],"collection":[{"href":"https:\/\/linitiative.ca\/International\/wp-json\/wp\/v2\/posts"}],"about":[{"href":"https:\/\/linitiative.ca\/International\/wp-json\/wp\/v2\/types\/post"}],"author":[{"embeddable":true,"href":"https:\/\/linitiative.ca\/International\/wp-json\/wp\/v2\/users\/1759"}],"replies":[{"embeddable":true,"href":"https:\/\/linitiative.ca\/International\/wp-json\/wp\/v2\/comments?post=73185"}],"version-history":[{"count":0,"href":"https:\/\/linitiative.ca\/International\/wp-json\/wp\/v2\/posts\/73185\/revisions"}],"wp:attachment":[{"href":"https:\/\/linitiative.ca\/International\/wp-json\/wp\/v2\/media?parent=73185"}],"wp:term":[{"taxonomy":"category","embeddable":true,"href":"https:\/\/linitiative.ca\/International\/wp-json\/wp\/v2\/categories?post=73185"},{"taxonomy":"post_tag","embeddable":true,"href":"https:\/\/linitiative.ca\/International\/wp-json\/wp\/v2\/tags?post=73185"}],"curies":[{"name":"wp","href":"https:\/\/api.w.org\/{rel}","templated":true}]}}