{"id":73188,"date":"2020-01-16T09:57:42","date_gmt":"2020-01-16T14:57:42","guid":{"rendered":"https:\/\/linitiative.ca\/International\/la-grand-messe-de-larchitecture-se-poursuit-a-tanger-cinq-conventions-signees-entre-les-architectes-et-leurs-partenaires\/"},"modified":"2020-01-16T09:57:42","modified_gmt":"2020-01-16T14:57:42","slug":"la-grand-messe-de-larchitecture-se-poursuit-a-tanger-cinq-conventions-signees-entre-les-architectes-et-leurs-partenaires","status":"publish","type":"post","link":"https:\/\/linitiative.ca\/International\/la-grand-messe-de-larchitecture-se-poursuit-a-tanger-cinq-conventions-signees-entre-les-architectes-et-leurs-partenaires\/","title":{"rendered":"La grand-messe de l\u2019architecture se poursuit \u00e0 Tanger : Cinq conventions sign\u00e9es entre les architectes et leurs partenaires"},"content":{"rendered":"<p><img decoding=\"async\" class=\"post_layout_5_img\" src=\"http:\/\/aujourdhui.ma\/wp-content\/uploads\/2020\/01\/Tanger-architectes.jpg?x29840\" alt=\"La grand-messe de l\u2019architecture se poursuit \u00e0 Tanger : Cinq conventions sign\u00e9es entre les architectes et leurs partenaires\"\/><\/p>\n<p class=\"p1\"><span class=\"s1 c4\"><strong>Le CNOA<span class=\"Apple-converted-space\">\u00a0<\/span> a fait part des difficult\u00e9s dont souffrent les architectes marocains, dont celles inh\u00e9rentes \u00e0 l\u2019application du d\u00e9cret des march\u00e9s publics cens\u00e9 donner un acc\u00e8s \u00e9quitable \u00e0 la commande publique.<\/strong><\/span> <span id=\"more-330005\"\/><\/p>\n<p class=\"p1\"><span class=\"s1\">Se rem\u00e9morer les principales orientations profondes pr\u00e9sentes dans le discours de Feu SM Hassan II destin\u00e9 aux architectes le 14 janvier 1986 et du message royal de SM Mohammed VI adress\u00e9 aux professionnels et inventorier les acquis et anticiper des solutions futures qui permettraient de relever les d\u00e9fis li\u00e9s aux imp\u00e9ratifs de la durabilit\u00e9 et l\u2019efficacit\u00e9 \u00e9nerg\u00e9tique.<\/span><\/p>\n<p class=\"p1\"><span class=\"s1\">Ce sont parmi les objectifs majeurs du troisi\u00e8me festival de l\u2019architecture, dont l\u2019inauguration des travaux a \u00e9t\u00e9 pr\u00e9sid\u00e9e, mardi 14 janvier, \u00e0 Tanger, par le chef de gouvernement, Sa\u00e2d Dine El Otmani. <em>\u00abL\u2019int\u00e9r\u00eat particulier qu\u2019accorde SM le Roi Mohammed VI \u00e0 la profession illustre l\u2019importance du r\u00f4le jou\u00e9 par les architectes non seulement au niveau urbanistique, mais aussi civilisationnel, humain et social\u00bb<\/em>, a-t-il affirm\u00e9, tout en encourageant le recours \u00e0 un dialogue entre les professionnels et le gouvernement pour pouvoir apporter les r\u00e9ponses aux propositions \u00e9voqu\u00e9es lors de cet \u00e9v\u00e9nement, afin d\u2019aider \u00e0 d\u00e9velopper et \u00e0 promouvoir l\u2019architecture.<\/span><\/p>\n<p class=\"p1\"><span class=\"s1\">Organis\u00e9 par le minist\u00e8re de l\u2019am\u00e9nagement du territoire national, de l\u2019urbanisme, de l\u2019habitat et de la politique de la ville et le conseil national de l\u2019Ordre des architectes (CNOA), ce troisi\u00e8me festival, qui se poursuit jusqu\u2019au 18 janvier, co\u00efncide avec la 34\u00e8me journ\u00e9e nationale de l\u2019architecte ayant lieu, cette ann\u00e9e, sous le th\u00e8me \u00abLe patrimoine architectural, levier du d\u00e9veloppement territorial\u00bb. Dans ce cadre et gr\u00e2ce \u00e0 la volont\u00e9 royale, le Maroc a connu <em>\u00abla mise en place d\u2019un premier programme pour la r\u00e9habilitation et le renforcement du tissu historique avec une enveloppe budg\u00e9taire globale d\u00e9passant les 5 milliards de dirhams. Ce programme englobe les villes de F\u00e8s, Rabat, Marrakech, Mekn\u00e8s, Sal\u00e9, T\u00e9touan et Essaouira\u00bb<\/em>, a soulign\u00e9 la ministre de l\u2019am\u00e9nagement du territoire national, de l\u2019urbanisme, de l\u2019habitat et de la politique de la ville, Nezha Bouchareb, avant d\u2019ajouter que cette op\u00e9ration de reconnaissance exige de tout un chacun une forte mobilisation en vue de <em>\u00abpoursuivre la protection de cet h\u00e9ritage, et ce dans le cadre d\u2019une nouvelle approche\u00bb.<span class=\"Apple-converted-space\">\u00a0 \u00a0<\/span><\/em><\/span><\/p>\n<p><a href=\"http:\/\/aujourdhui.ma\/wp-content\/uploads\/2020\/01\/Saad-Eddine-El-Otmani-et-Nezha-Bouchareb-Tanger-architectes.jpg?x29840\"><img loading=\"lazy\" decoding=\"async\" class=\"size-full wp-image-330020 aligncenter\" src=\"http:\/\/aujourdhui.ma\/wp-content\/uploads\/2020\/01\/Saad-Eddine-El-Otmani-et-Nezha-Bouchareb-Tanger-architectes.jpg?x29840\" alt=\"\" width=\"746\" height=\"380\" srcset=\"http:\/\/aujourdhui.ma\/wp-content\/uploads\/2020\/01\/Saad-Eddine-El-Otmani-et-Nezha-Bouchareb-Tanger-architectes.jpg 746w, http:\/\/aujourdhui.ma\/wp-content\/uploads\/2020\/01\/Saad-Eddine-El-Otmani-et-Nezha-Bouchareb-Tanger-architectes-300x153.jpg 300w\" sizes=\"auto, (max-width: 746px) 100vw, 746px\"\/><\/a><\/p>\n<p class=\"p1\"><span class=\"s1\">De son c\u00f4t\u00e9, le pr\u00e9sident du conseil national de l\u2019Ordre des architectes, Azdine Nekmouche, a rappel\u00e9 l\u2019importance de l\u2019architecture en tant que profession noble ainsi que l\u2019intervention des professionnels \u00e0 tous les niveaux du d\u00e9veloppement du Royaume. <em>\u00abLes architectes du Maroc ont \u00e9t\u00e9 pr\u00e9sents \u00e0 toutes les \u00e9tapes de l\u2019histoire contemporaine du pays. Notre profession conna\u00eet de multiples d\u00e9fis et se trouve dans une situation tr\u00e8s contraignante\u00bb<\/em>, a-t-il tenu \u00e0 pr\u00e9ciser.<\/span><\/p>\n<p class=\"p1\"><span class=\"s1\">M. Nekmouche a fait part des difficult\u00e9s dont souffrent les architectes marocains, dont celles inh\u00e9rentes \u00e0 l\u2019application du d\u00e9cret des march\u00e9s publics cens\u00e9 donner un acc\u00e8s \u00e9quitable \u00e0 la commande publique. <em>\u00abEn tant qu\u2019architectes, nous avons la possibilit\u00e9 d\u2019aider le gouvernement \u00e0 inverser l\u2019\u00e9volution de l\u2019urbanisation d\u00e9brid\u00e9e, \u00e0 trouver des solutions pour assurer la viabilit\u00e9 des douars, des centres ruraux, des petits villages p\u00e9riph\u00e9riques et des villes de taille moyenne\u00bb<\/em>, a-t-il dit, avant d\u2019ajouter : <em>\u00abEnsemble, \u0153uvrons \u00e0 la recherche sur les nouvelles fa\u00e7ons de rendre toutes les villes plus s\u00fbres et plus \u00e9quitables\u00bb.<\/em><\/span><\/p>\n<p class=\"p1\"><span class=\"s1\">Cette s\u00e9ance inaugurale a \u00e9galement \u00e9t\u00e9 marqu\u00e9e par la signature de cinq conventions pour le d\u00e9veloppement et la promotion de l\u2019architecture, dont celle li\u00e9e \u00e0 la cr\u00e9ation de la maison de l\u2019architecte dans la ville du d\u00e9troit.<\/span><\/p>\n<p class=\"p1\"><span class=\"s1\">Il est \u00e0 noter que cette \u00e9dition se distingue par l\u2019hommage rendu \u00e0 la r\u00e9gion du Nord, et ce \u00e0 travers une s\u00e9rie d\u2019activit\u00e9s programm\u00e9e notamment \u00e0 Tanger, Asilah, Larache, Ksar El K\u00e9bir, T\u00e9touan, Chefchaouen et Ouezzane. Parmi lesquelles figurent des actions citoyennes, des visites guid\u00e9es, des expositions de maquettes et de photos ainsi que des films documentaires mettant en avant le patrimoine architectural.<\/span><\/p>\n<p>Auteur: Najat Fa\u00efssal<br \/>\n<a href=\"http:\/\/aujourdhui.ma\/economie\/la-grand-messe-de-larchitecture-se-poursuit-a-tanger-cinq-conventions-signees-entre-les-architectes-et-leurs-partenaires\">Cliquez ici pour lire l&rsquo;article depuis sa source.<\/a><\/p>\n","protected":false},"excerpt":{"rendered":"<p>Le CNOA\u00a0 a fait part des difficult\u00e9s dont souffrent les architectes marocains, dont celles inh\u00e9rentes \u00e0 l\u2019application du d\u00e9cret des march\u00e9s publics cens\u00e9 donner un acc\u00e8s \u00e9quitable \u00e0 la commande publique. Se rem\u00e9morer les principales orientations profondes pr\u00e9sentes dans le discours de Feu SM Hassan II destin\u00e9 aux architectes le 14 janvier 1986 et du [&hellip;]<\/p>\n","protected":false},"author":1759,"featured_media":0,"comment_status":"closed","ping_status":"closed","sticky":false,"template":"","format":"standard","meta":{"fifu_image_url":"","fifu_image_alt":"","footnotes":""},"categories":[73,54],"tags":[],"class_list":["post-73188","post","type-post","status-publish","format-standard","hentry","category-actualite","category-maroc"],"_links":{"self":[{"href":"https:\/\/linitiative.ca\/International\/wp-json\/wp\/v2\/posts\/73188","targetHints":{"allow":["GET"]}}],"collection":[{"href":"https:\/\/linitiative.ca\/International\/wp-json\/wp\/v2\/posts"}],"about":[{"href":"https:\/\/linitiative.ca\/International\/wp-json\/wp\/v2\/types\/post"}],"author":[{"embeddable":true,"href":"https:\/\/linitiative.ca\/International\/wp-json\/wp\/v2\/users\/1759"}],"replies":[{"embeddable":true,"href":"https:\/\/linitiative.ca\/International\/wp-json\/wp\/v2\/comments?post=73188"}],"version-history":[{"count":0,"href":"https:\/\/linitiative.ca\/International\/wp-json\/wp\/v2\/posts\/73188\/revisions"}],"wp:attachment":[{"href":"https:\/\/linitiative.ca\/International\/wp-json\/wp\/v2\/media?parent=73188"}],"wp:term":[{"taxonomy":"category","embeddable":true,"href":"https:\/\/linitiative.ca\/International\/wp-json\/wp\/v2\/categories?post=73188"},{"taxonomy":"post_tag","embeddable":true,"href":"https:\/\/linitiative.ca\/International\/wp-json\/wp\/v2\/tags?post=73188"}],"curies":[{"name":"wp","href":"https:\/\/api.w.org\/{rel}","templated":true}]}}