{"id":73189,"date":"2020-01-16T06:42:26","date_gmt":"2020-01-16T11:42:26","guid":{"rendered":"https:\/\/linitiative.ca\/International\/blocages%ef%bb%bf\/"},"modified":"2020-01-16T06:42:26","modified_gmt":"2020-01-16T11:42:26","slug":"blocages%ef%bb%bf","status":"publish","type":"post","link":"https:\/\/linitiative.ca\/International\/blocages%ef%bb%bf\/","title":{"rendered":"Blocages\ufeff"},"content":{"rendered":"<p class=\"has-text-color c2\"><strong>Au moment o\u00f9 la r\u00e9flexion se d\u00e9veloppe sur une perspective \u00e9conomique cens\u00e9e trouver des solutions aux disparit\u00e9s sociales et spatiales qui n\u2019ont cess\u00e9 de s\u2019accroitre avec le temps, le \u00abretard des pluies\u00bb et son incidence sur la croissance montre que notre pays et notre soci\u00e9t\u00e9 souffrent d\u2019un certain nombre de \u00abverrous\u00bb qui plombent l\u2019\u00e9mergence du pays et la modernisation de notre soci\u00e9t\u00e9 dans son ensemble.<\/strong><\/p>\n<p>L\u2019al\u00e9a climatique n\u2019est pas le seul. Sauf que la s\u00e9cheresse impacte n\u00e9gativement aussi bien \u00ables revenus\u00a0\u00bb que \u00able moral\u00bb de la population. Un moral d\u00e9j\u00e0 entam\u00e9 par le \u00abnon-mouvement\u00bb politique qui semble exercer sa pesanteur sur le champ politique national.<\/p>\n<p>Les comp\u00e9tences du gouvernement se sont engouffr\u00e9es dans la routine de la gestion des affaires courantes et des \u00e9quipes\u00a0telles qu\u2019elles se pr\u00e9sentent dans l\u2019attente de ce que adviendra des travaux de la Commission Sp\u00e9ciale sur le Mod\u00e8le de D\u00e9veloppement. De leur c\u00f4t\u00e9 et en phase avec l\u2019\u00e9v\u00e9nement, les organisations politiques font de la communication sur \u00able nouveau mod\u00e8le \u00e9conomique\u00bb et ronronnent sur les perspectives des prochaines \u00e9ch\u00e9ances \u00e9lectorales. Seule la p\u00e9tition populaire sur la cr\u00e9ation d\u2019un fonds public pour lutter contre le cancer semble susciter de l\u2019enthousiasme et donner \u00e0 la \u00abvox populi\u00bb un certain \u00e9cho.<\/p>\n<p>Dans le cadre de ce statuquo qui s\u2019inscrit dans le \u00abdevenir ind\u00e9termin\u00e9\u00bb caract\u00e9risant le champ politique national, la reconfiguration des alliances est au stade des fr\u00e9missements. L\u2019utilisation du conditionnel dans le discours aide \u00e0 envisager toutes les possibilit\u00e9s sans faire \u00e9tat de ses pr\u00e9f\u00e9rences pour \u00abne pas insulter l\u2019avenir\u00bb. L\u2019isolement est craint aussi bien par les uns que par les autres. L\u2019exemple r\u00e9cent concernant la constitution d\u2019un gouvernement en Tunisie apr\u00e8s les \u00e9lections l\u00e9gislatives illustre clairement que rien ne sert d\u2019\u00eatre \u00aben t\u00eate des \u00e9lections\u2026\u00bb si l\u2019incapacit\u00e9 de constituer une majorit\u00e9 semble de plus en plus affirm\u00e9e.<\/p>\n<p>Qui alors de la classe politique actuelle sera-t-il sanctionn\u00e9 comme le voudraient ceux et celles qui ne cessent de \u00abcasser le sucre sur le dos\u00bb des partis politiques\u00a0? Et qui de la classe politique actuelle pourrait raviver l\u2019enthousiasme populaire pour r\u00e9affirmer la consolidation du processus d\u00e9mocratique, la confirmation des acquis et la r\u00e9alisation de nouvelles avanc\u00e9es vers les libert\u00e9s et le bien\u00eatre?<\/p>\n<p>Au fait\u00a0; si on laissait aux connaisseurs de l\u2019\u00e9conomie de march\u00e9, n\u00e9olib\u00e9rale et mondialis\u00e9e, la responsabilit\u00e9 de faire le panach\u00e9 ad\u00e9quat et judicieux entre propositions \u00a0\u00aborthodoxes\u00bb et \u00abh\u00e9t\u00e9rodoxes\u00bb pour booster la croissance et d\u00e9velopper la production des richesses dans notre beau pays, il importe que cette approche sp\u00e9cifique \u00e0 notre beau pays puisse \u00eatre g\u00e9r\u00e9e d\u00e9mocratiquement. Que cette \u00ab\u00a0r\u00e9ussite\u00a0\u00bb du nouveau mod\u00e8le \u00e9conomique ne se fasse pas dans un d\u00e9ni de la pratique d\u00e9mocratique.<\/p>\n<p>Le d\u00e9veloppement durable est possible, comme le soulignait Michel Rocard (2003), \u00absous trois conditions majeures. La premi\u00e8re est de donner la priorit\u00e9 absolue \u00e0 tout ce qui touche la gouvernance\u00a0: guerre ou paix, s\u00e9curit\u00e9 civile, nature des Etats, stabilit\u00e9 administrative, juridique et fiscale, pratique de la d\u00e9mocratie. La deuxi\u00e8me est d\u2019accepter une remise en cause compl\u00e8te de tous les concepts, proc\u00e9dures et instruments dont se servent aujourd\u2019hui les pays riches pour \u00abaider\u00bb les pauvres. La troisi\u00e8me est d\u2019accepter l\u2019id\u00e9e que le d\u00e9veloppement ne se parachute pas, et ne peut venir de l\u2019ext\u00e9rieur. Il ne s\u2019affirme que lorsqu\u2019il est autocentr\u00e9 et puissamment pilot\u00e9 par une volont\u00e9 nationale forte, \u00e9clair\u00e9e et l\u00e9gitime\u00bb.<\/p>\n<p>Eliminons donc avec d\u00e9termination les blocages au d\u00e9veloppement, \u00e9vitons avec intelligence les blocages \u00e0 la pratique d\u00e9mocratique dans tous ses aspects\u00a0; et seront alors r\u00e9alis\u00e9es \u00ables conditions permettant de g\u00e9n\u00e9raliser l\u2019effectivit\u00e9 de la libert\u00e9 et de l\u2019\u00e9galit\u00e9 des citoyennes et des citoyens, ainsi que de leur participation \u00e0 la vie politique, \u00e9conomique, culturelle et sociale\u00bb.<\/p>\n<p>Auteur: M&rsquo;hammed rahal<br \/>\n<a href=\"http:\/\/albayane.press.ma\/blocages%EF%BB%BF.html\">Cliquez ici pour lire l&rsquo;article depuis sa source.<\/a><\/p>\n","protected":false},"excerpt":{"rendered":"<p>Au moment o\u00f9 la r\u00e9flexion se d\u00e9veloppe sur une perspective \u00e9conomique cens\u00e9e trouver des solutions aux disparit\u00e9s sociales et spatiales qui n\u2019ont cess\u00e9 de s\u2019accroitre avec le temps, le \u00abretard des pluies\u00bb et son incidence sur la croissance montre que notre pays et notre soci\u00e9t\u00e9 souffrent d\u2019un certain nombre de \u00abverrous\u00bb qui plombent l\u2019\u00e9mergence du [&hellip;]<\/p>\n","protected":false},"author":1760,"featured_media":0,"comment_status":"closed","ping_status":"closed","sticky":false,"template":"","format":"standard","meta":{"fifu_image_url":"","fifu_image_alt":"","footnotes":""},"categories":[73,54],"tags":[],"class_list":["post-73189","post","type-post","status-publish","format-standard","hentry","category-actualite","category-maroc"],"_links":{"self":[{"href":"https:\/\/linitiative.ca\/International\/wp-json\/wp\/v2\/posts\/73189","targetHints":{"allow":["GET"]}}],"collection":[{"href":"https:\/\/linitiative.ca\/International\/wp-json\/wp\/v2\/posts"}],"about":[{"href":"https:\/\/linitiative.ca\/International\/wp-json\/wp\/v2\/types\/post"}],"author":[{"embeddable":true,"href":"https:\/\/linitiative.ca\/International\/wp-json\/wp\/v2\/users\/1760"}],"replies":[{"embeddable":true,"href":"https:\/\/linitiative.ca\/International\/wp-json\/wp\/v2\/comments?post=73189"}],"version-history":[{"count":0,"href":"https:\/\/linitiative.ca\/International\/wp-json\/wp\/v2\/posts\/73189\/revisions"}],"wp:attachment":[{"href":"https:\/\/linitiative.ca\/International\/wp-json\/wp\/v2\/media?parent=73189"}],"wp:term":[{"taxonomy":"category","embeddable":true,"href":"https:\/\/linitiative.ca\/International\/wp-json\/wp\/v2\/categories?post=73189"},{"taxonomy":"post_tag","embeddable":true,"href":"https:\/\/linitiative.ca\/International\/wp-json\/wp\/v2\/tags?post=73189"}],"curies":[{"name":"wp","href":"https:\/\/api.w.org\/{rel}","templated":true}]}}