{"id":73190,"date":"2020-01-16T06:51:46","date_gmt":"2020-01-16T11:51:46","guid":{"rendered":"https:\/\/linitiative.ca\/International\/crise-de-lhuile-dolive-le-bureau-executif-elargi-de-lutap-en-conclave-mardi-prochain\/"},"modified":"2020-01-16T06:51:46","modified_gmt":"2020-01-16T11:51:46","slug":"crise-de-lhuile-dolive-le-bureau-executif-elargi-de-lutap-en-conclave-mardi-prochain","status":"publish","type":"post","link":"https:\/\/linitiative.ca\/International\/crise-de-lhuile-dolive-le-bureau-executif-elargi-de-lutap-en-conclave-mardi-prochain\/","title":{"rendered":"Crise de l\u2019huile d\u2019olive : Le Bureau Ex\u00e9cutif \u00e9largi de l\u2019UTAP en conclave, mardi prochain"},"content":{"rendered":"<p>Le bureau ex\u00e9cutif \u00e9largi de l\u2019Union Tunisienne de l\u2019Agriculture et de la P\u00eache (UTAP) tiendra, mardi prochain, sa r\u00e9union p\u00e9riodique qui sera consacr\u00e9e \u00e0 \u00ab l\u2019examen d\u2019un plan de r\u00e9actions face \u00e0 la crise de la fili\u00e8re de l\u2019huile d\u2019olive \u00bb, a annonc\u00e9, mercredi, l\u2019organisation agricole.<\/p>\n<p>Ce sera l\u2019occasion pour examiner le plan de ses protestations pour d\u00e9noncer la situation du secteur agricole dans un contexte o\u00f9 le gouvernement n\u2019a pas pris les choses aux s\u00e9rieux et n\u2019a pas r\u00e9agi avec les propositions de l\u2019Union pour sortir le secteur ol\u00e9icole de la crise.<\/p>\n<p>D\u2019apr\u00e8s l\u2019UTAP la situation actuelle de la fili\u00e8re ol\u00e9icole \u00ab n\u2019assure ni rendement ni p\u00e9rennit\u00e9, sauf si les droits de toutes les parties sont garantis, surtout ceux des agriculteurs, principaux acteurs de la fili\u00e8re \u00bb.<\/p>\n<p>Le bureau ex\u00e9cutif de l\u2019organisation, qui se pr\u00e9pare \u00e0 la c\u00e9l\u00e9bration de son 70\u00e8me anniversaire, a exprim\u00e9 son inqui\u00e9tude \u00e0 l\u2019\u00e9gard de \u00ab la situation catastrophique que vivent toutes les fili\u00e8res de production \u00bb, revenant sur la panoplie de propositions d\u00e9j\u00e0 pr\u00e9sent\u00e9e par l\u2019UTAP \u00e0 la pr\u00e9sidence de la R\u00e9publique, la pr\u00e9sidence du gouvernement et l\u2019Assembl\u00e9e des Repr\u00e9sentants du Peuple, pour all\u00e9ger la crise.<\/p>\n<p class=\"dpsp-share-text\">Partager c&rsquo;est aimer!<\/p>\n<div class=\"wp-post-author-wrap wp-post-author-shortcode left\">\n<h3 class=\"awpa-title\"\/>\n<div class=\"wp-post-author\">\n<div class=\"awpa-img awpa-author-block square\"><a href=\"http:\/\/lexpertjournal.net\/fr\/author\/expert\/\"><img loading=\"lazy\" decoding=\"async\" alt=\"\" src=\"http:\/\/0.gravatar.com\/avatar\/c828f0b17d24309f0d01a4eac3747085?s=150&#038;d=mm&#038;r=g\" srcset=\"http:\/\/0.gravatar.com\/avatar\/c828f0b17d24309f0d01a4eac3747085?s=300&#038;d=mm&#038;r=g 2x\" class=\"avatar avatar-150 photo\" height=\"150\" width=\"150\"\/><\/a><\/div>\n<\/div>\n<\/div>\n<p>Auteur: L&rsquo;expert<br \/>\n<a href=\"http:\/\/lexpertjournal.net\/fr\/2020\/01\/16\/crise-de-lhuile-dolive-le-bureau-executif-elargi-de-lutap-en-conclave-mardi-prochain\/\">Cliquez ici pour lire l&rsquo;article depuis sa source.<\/a><\/p>\n","protected":false},"excerpt":{"rendered":"<p>Le bureau ex\u00e9cutif \u00e9largi de l\u2019Union Tunisienne de l\u2019Agriculture et de la P\u00eache (UTAP) tiendra, mardi prochain, sa r\u00e9union p\u00e9riodique qui sera consacr\u00e9e \u00e0 \u00ab l\u2019examen d\u2019un plan de r\u00e9actions face \u00e0 la crise de la fili\u00e8re de l\u2019huile d\u2019olive \u00bb, a annonc\u00e9, mercredi, l\u2019organisation agricole. Ce sera l\u2019occasion pour examiner le plan de ses [&hellip;]<\/p>\n","protected":false},"author":1775,"featured_media":0,"comment_status":"closed","ping_status":"closed","sticky":false,"template":"","format":"standard","meta":{"fifu_image_url":"","fifu_image_alt":"","footnotes":""},"categories":[78,55],"tags":[],"class_list":["post-73190","post","type-post","status-publish","format-standard","hentry","category-economie","category-tunisie"],"_links":{"self":[{"href":"https:\/\/linitiative.ca\/International\/wp-json\/wp\/v2\/posts\/73190","targetHints":{"allow":["GET"]}}],"collection":[{"href":"https:\/\/linitiative.ca\/International\/wp-json\/wp\/v2\/posts"}],"about":[{"href":"https:\/\/linitiative.ca\/International\/wp-json\/wp\/v2\/types\/post"}],"author":[{"embeddable":true,"href":"https:\/\/linitiative.ca\/International\/wp-json\/wp\/v2\/users\/1775"}],"replies":[{"embeddable":true,"href":"https:\/\/linitiative.ca\/International\/wp-json\/wp\/v2\/comments?post=73190"}],"version-history":[{"count":0,"href":"https:\/\/linitiative.ca\/International\/wp-json\/wp\/v2\/posts\/73190\/revisions"}],"wp:attachment":[{"href":"https:\/\/linitiative.ca\/International\/wp-json\/wp\/v2\/media?parent=73190"}],"wp:term":[{"taxonomy":"category","embeddable":true,"href":"https:\/\/linitiative.ca\/International\/wp-json\/wp\/v2\/categories?post=73190"},{"taxonomy":"post_tag","embeddable":true,"href":"https:\/\/linitiative.ca\/International\/wp-json\/wp\/v2\/tags?post=73190"}],"curies":[{"name":"wp","href":"https:\/\/api.w.org\/{rel}","templated":true}]}}